{"id":229140,"date":"2026-04-26T19:52:10","date_gmt":"2026-04-26T19:52:10","guid":{"rendered":"https:\/\/www.europesays.com\/se\/229140\/"},"modified":"2026-04-26T19:52:10","modified_gmt":"2026-04-26T19:52:10","slug":"lina-21-blev-gravid-fick-hora-att-livet-var-over","status":"publish","type":"post","link":"https:\/\/www.europesays.com\/se\/229140\/","title":{"rendered":"Lina, 21, blev gravid \u2013 fick h\u00f6ra att \u201dlivet var \u00f6ver\u201d"},"content":{"rendered":"<p>Uppdaterad 26 apr 2026 kl 21.13Publicerad 26 apr 2026 kl 20.56<\/p>\n<p>Lina, 21, blev gravid f\u00f6rsta \u00e5ret p\u00e5 universitetet.\u00a0<\/p>\n<p>F\u00f6r henne var det en sj\u00e4lvklarhet att beh\u00e5lla barnet.\u00a0<\/p>\n<p>Samtidigt fick hon k\u00e4mpa mot f\u00f6rdomar och ifr\u00e5gas\u00e4ttanden.\u00a0<\/p>\n<p>\u2013\u00a0Folk sa att mitt liv var \u00f6ver, s\u00e4ger hon.\u00a0<\/p>\n<p>Senaste nyhetsklippen fr\u00e5n Expressen.<img   alt=\"\"\/><\/p>\n<p>Lina Suarez v\u00e4ntade med att ber\u00e4tta om sin graviditet \u2013 f\u00f6r att slippa kommentarer.<\/p>\n<p>Foto: Privat<\/p>\n<p>\u00d6ppna bild i helsk\u00e4rm<\/p>\n<p>F\u00f6r tv\u00e5 veckor sedan kom den lilla bebisen. Allt k\u00e4nns bra, \u00e4ven om det \u00e4r mycket nytt, ber\u00e4ttar Lina Suarez, 21, fr\u00e5n <a href=\"https:\/\/www.expressen.se\/tagg\/location\/vasteras\/\" class=\"\" rel=\"nofollow noopener\" target=\"_blank\">V\u00e4ster\u00e5s<\/a>. Men det har inte varit helt enkelt att v\u00e4nta barn i tidiga 20-\u00e5rs\u00e5ldern.\u00a0<\/p>\n<p>M\u00e5nga har reagerat negativt p\u00e5 nyheten. B\u00e5de i sl\u00e4kten och bland v\u00e4nner.\u00a0<\/p>\n<p>\u2013 Det v\u00e4rsta jag fick h\u00f6ra var nog att jag inte skulle klara av det. Folk fr\u00e5gade om jag verkligen skulle beh\u00e5lla barnet och sa att mitt liv var \u00f6ver. Jag k\u00e4nde mig utfryst. M\u00e5nga kollade p\u00e5 min mage och fick mig att k\u00e4nna som att jag tagit fel beslut, s\u00e4ger hon.\u00a0<\/p>\n<p><img loading=\"lazy\"   alt=\"\"\/><\/p>\n<p>Lina Suarez, 21, blev gravid n\u00e4r hon precis b\u00f6rjat p\u00e5 universitetet.<\/p>\n<p>Foto: Privat<\/p>\n<p>\u00d6ppna bild i helsk\u00e4rmPrecis b\u00f6rjat studera\u00a0<\/p>\n<p>Det var i b\u00f6rjan av september som de tv\u00e5 strecken d\u00f6k upp p\u00e5 graviditetsstickan. D\u00e5 hade hon precis b\u00f6rjat l\u00e4sa ett tekniskt bas\u00e5r.\u00a0<\/p>\n<p>\u2013 Det kom som en chock, med tanke p\u00e5 att jag precis b\u00f6rjat p\u00e5 universitetet och har PCOS. Alla l\u00e4kare har sagt till mig att jag inte kan f\u00e5 barn utan IVF. S\u00e5 n\u00e4r jag fick veta att jag var gravid var det en sj\u00e4lvklarhet att beh\u00e5lla barnet, s\u00e4ger Lina Suarez, som ocks\u00e5 ber\u00e4ttat om sina upplevelser f\u00f6r <a href=\"https:\/\/www.svt.se\/nyheter\/lokalt\/vastmanland\/lina-22-valde-att-behalla-barnet-fick-hora-ditt-liv-ar-over\" rel=\"nofollow noopener\" target=\"_blank\">SVT V\u00e4stmanland. <\/a>\u00a0<\/p>\n<p>Hon v\u00e4ntade s\u00e5 l\u00e4nge hon kunde med att ber\u00e4tta f\u00f6r omgivningen.\u00a0<\/p>\n<p>\u2013 I b\u00f6rjan isolerade jag mig v\u00e4ldigt mycket och ber\u00e4ttade inte f\u00f6r n\u00e5gon. Jag visste att jag skulle f\u00e5 starka reaktioner. Sen under graviditeten tog de h\u00e4r negativa kommentarerna \u00f6ver. \u00a0Vissa dagar k\u00e4nde jag verkligen: \u201dShit, jag kommer inte klara av det\u201d.<\/p>\n<p>Normer kring f\u00f6r\u00e4ldraskap<\/p>\n<p>Men hon \u00e4r inte ensam. I sina sociala medier f\u00e5r hon m\u00e5nga uppmuntrande kommentarer fr\u00e5n unga mammor med liknande erfarenheter.<\/p>\n<p>Pappan till barnet har ocks\u00e5 varit ett stort st\u00f6d, liksom f\u00f6r\u00e4ldrarna.\u00a0<\/p>\n<p>\u2013 Min mamma var ocks\u00e5 en ung mamma. S\u00e5 d\u00e4r visste jag att jag skulle f\u00e5 st\u00f6d.<\/p>\n<p>2024 var medel\u00e5ldern f\u00f6r f\u00f6rstag\u00e5ngsf\u00f6r\u00e4ldrar i Sverige 31 \u00e5r f\u00f6r mammor och 33 \u00e5r f\u00f6r pappor.<\/p>\n<p>Lina Suarez menar att det finns tydliga normer kring n\u00e4r man b\u00f6r skaffa barn. Samtidigt som barnaf\u00f6dandet ligger p\u00e5 historiskt l\u00e5ga niv\u00e5er och regeringen vill att fler skaffar barn.\u00a0<\/p>\n<p>\u2013\u00a0Alla f\u00f6rv\u00e4ntar sig att man ska ha en j\u00e4ttebra bil, k\u00f6pt l\u00e4genhet, pluggat klart. Jag har inte \u00e5stadkommit de h\u00e4r grejerna som man f\u00f6rv\u00e4ntas n\u00e4r man f\u00e5r barn.<\/p>\n<p><img loading=\"lazy\"   alt=\"\"\/><\/p>\n<p>Pojkv\u00e4nnen och den nyf\u00f6dda bebisen.<\/p>\n<p>Foto: Privat<\/p>\n<p>\u00d6ppna bild i helsk\u00e4rmAtt plugga med bebis<\/p>\n<p>I framtiden vill hon plugga till civilingenj\u00f6r. Det \u00e4r inte helt enkelt att kombinera studierna med f\u00f6r\u00e4ldraskapet \u2013 men det g\u00e5r.<\/p>\n<p>\u2013 Jag kan inte g\u00e5 till skolan som jag gjorde f\u00f6rr, s\u00e5 man m\u00e5ste ta mycket eget ansvar hemifr\u00e5n. Det funkar bra s\u00e5 l\u00e4nge man har disciplin.<\/p>\n<p>\u2013 S\u00e5klart k\u00e4nner man sig lite orolig eftersom man vill kunna ge sina barn det b\u00e4sta, \u00e4ven om man inte har allt materiellt. Men jag tror att det kommer g\u00e5 bra, s\u00e4rskilt med st\u00f6d fr\u00e5n min partner och omgivningen. Det viktigaste \u00e4r k\u00e4rleken.<\/p>\n<p><strong>Hur k\u00e4nns det att missa vissa delar av studentlivet?\u00a0<\/strong><\/p>\n<p><strong>\u2013 <\/strong>Som ung vill man ju kunna hitta p\u00e5 grejer. Redan n\u00e4r man \u00e4r gravid s\u00e5 m\u00e5ste man begr\u00e4nsa sig v\u00e4ldigt mycket. Det \u00e4r lite ge och ta. Man f\u00e5r uppoffra det. Men jag f\u00e5r ta igen det sen n\u00e4r hon blir \u00e4ldre.\u00a0<\/p>\n","protected":false},"excerpt":{"rendered":"Uppdaterad 26 apr 2026 kl 21.13Publicerad 26 apr 2026 kl 20.56 Lina, 21, blev gravid f\u00f6rsta \u00e5ret p\u00e5&hellip;\n","protected":false},"author":2,"featured_media":229141,"comment_status":"","ping_status":"","sticky":false,"template":"","format":"standard","meta":{"footnotes":"","_share_on_mastodon":"0"},"categories":[12],"tags":[22,23,26,27,15109,17,21,24,25,909,28,29,15,16,18,34,154,31,33,32,30,19,534,20],"class_list":["post-229140","post","type-post","status-publish","format-standard","has-post-thumbnail","category-sverige","tag-breaking-news","tag-breakingnews","tag-featured-news","tag-featurednews","tag-function-svenska-case","tag-headlines","tag-huvudnyheter","tag-latest-news","tag-latestnews","tag-location-vasteras","tag-main-news","tag-mainnews","tag-news","tag-nyheter","tag-rubriker","tag-se","tag-sections-sverige","tag-svenska","tag-sverige","tag-sweden","tag-swedish","tag-top-stories","tag-topic-foraldraskap","tag-topstories"],"share_on_mastodon":{"url":"https:\/\/pubeurope.com\/@se\/116472758076863525","error":""},"_links":{"self":[{"href":"https:\/\/www.europesays.com\/se\/wp-json\/wp\/v2\/posts\/229140","targetHints":{"allow":["GET"]}}],"collection":[{"href":"https:\/\/www.europesays.com\/se\/wp-json\/wp\/v2\/posts"}],"about":[{"href":"https:\/\/www.europesays.com\/se\/wp-json\/wp\/v2\/types\/post"}],"author":[{"embeddable":true,"href":"https:\/\/www.europesays.com\/se\/wp-json\/wp\/v2\/users\/2"}],"replies":[{"embeddable":true,"href":"https:\/\/www.europesays.com\/se\/wp-json\/wp\/v2\/comments?post=229140"}],"version-history":[{"count":0,"href":"https:\/\/www.europesays.com\/se\/wp-json\/wp\/v2\/posts\/229140\/revisions"}],"wp:featuredmedia":[{"embeddable":true,"href":"https:\/\/www.europesays.com\/se\/wp-json\/wp\/v2\/media\/229141"}],"wp:attachment":[{"href":"https:\/\/www.europesays.com\/se\/wp-json\/wp\/v2\/media?parent=229140"}],"wp:term":[{"taxonomy":"category","embeddable":true,"href":"https:\/\/www.europesays.com\/se\/wp-json\/wp\/v2\/categories?post=229140"},{"taxonomy":"post_tag","embeddable":true,"href":"https:\/\/www.europesays.com\/se\/wp-json\/wp\/v2\/tags?post=229140"}],"curies":[{"name":"wp","href":"https:\/\/api.w.org\/{rel}","templated":true}]}}