{"id":22921,"date":"2025-09-05T15:25:18","date_gmt":"2025-09-05T15:25:18","guid":{"rendered":"https:\/\/www.europesays.com\/se\/22921\/"},"modified":"2025-09-05T15:25:18","modified_gmt":"2025-09-05T15:25:18","slug":"far-kontraktet-rivet-innan-debuten","status":"publish","type":"post","link":"https:\/\/www.europesays.com\/se\/22921\/","title":{"rendered":"F\u00e5r kontraktet rivet &#8211; innan debuten"},"content":{"rendered":"<p><strong>S\u00e5 sent som i mars vaktade han b\u00e5sd\u00f6rren f\u00f6r <a href=\"https:\/\/hockeysverige.se\/klubb\/farjestad-bk\/\" rel=\"nofollow noopener\" target=\"_blank\">F\u00e4rjestad<\/a> i SHL. <br \/>Nu f\u00e5r J\u00f8rgen Hanneborg l\u00e4mna Cracovia Krakow \u2013 innan debuten. <\/strong><\/p>\n<p><img loading=\"lazy\" decoding=\"async\" width=\"1024\" height=\"658\" src=\"https:\/\/www.europesays.com\/se\/wp-content\/uploads\/2025\/09\/Hanneborg-1024x658.webp.webp\" alt=\"\" class=\"wp-image-301654\"  \/>J\u00f8rgen Hanneborg i F\u00e4rjestad och V\u00e4ster\u00e5s. <strong>Foto:<\/strong> Bildbyr\u00e5n (montage).<\/p>\n<p>J\u00f8rgen Hanneborg blev inte l\u00e5ngvarig i polska Cracovia Krakow. <\/p>\n<p>Den 26-\u00e5rige m\u00e5lvakten, som senast kommer fr\u00e5n en s\u00e4song med spel i <a href=\"https:\/\/hockeysverige.se\/hockeyallsvenskan\/\" rel=\"nofollow noopener\" target=\"_blank\">Hockeyallsvenskan<\/a> och <a href=\"https:\/\/hockeysverige.se\/klubb\/vasteras-ik\/\" rel=\"nofollow noopener\" target=\"_blank\">V\u00e4ster\u00e5s<\/a>, skrev p\u00e5 f\u00f6r sin nya klubb s\u00e5 sent som 16 juli, men kommer inte att komma till spel under 2025\/26. Under fredagen, sju veckor efter kontraktet stod klart, meddelar n\u00e4mligen klubben att man sagt upp samarbetet. <\/p>\n<p>\u201dVi tackar f\u00f6r tiden i Krak\u00f3w och \u00f6nskar honom lycka till i sin framtida karri\u00e4r\u201d, skriver man p\u00e5 <a href=\"https:\/\/cracovia-hokej.pl\/aktualnosci\/comarch-cracovia\/jorgen-hanneborg-odchodzi\/\" rel=\"nofollow noopener\" target=\"_blank\">sin hemsida.<\/a><\/p>\n<p>Anledningen till uppbrottet redan innan Hanneborgs f\u00f6rsta match i tr\u00f6jan meddelas inte. D\u00e4remot g\u00e5r Cracovia Krakow samtidigt ut med att man ist\u00e4llet plockar in finske m\u00e5lvakten Santeri Lipi\u00e4inen som ers\u00e4ttare.<\/p>\n<p>Blev l\u00f6sningen i SM-slutspelet<\/p>\n<p>Den norske burv\u00e4ktaren med L\u00f8renskog IK som moderklubb, kom till Sverige 2022. Den f\u00f6rsta s\u00e4songen blev det 14 matcher i Hockeyallsvenskan med Kristianstad, innan Hanneborg flyttade vidare till Almtuna. Norrmannen r\u00e4ddade 90,3 procent av puckarna, men gjorde inom kort en ny flytt, nu till V\u00e4ster\u00e5s. <\/p>\n<p>Inhoppet i F\u00e4rjestad under 2024\/25 kom under SHL-lagets m\u00e5lvaktskris d\u00e5 Anders Lindb\u00e4ck blev den ov\u00e4ntade ettan, och Hanneborg den ov\u00e4ntade tv\u00e5an. <\/p>\n<p>\u2013 Det har varit en speciell vecka \u2013 men j\u00e4ttekul. H\u00e4ftigt att f\u00e5 komma hit och vara med p\u00e5 en s\u00e5n h\u00e4r grej, ett slutspel i SHL. Det \u00e4r s\u00e5klart n\u00e5got jag dr\u00f6mt om hela livet att f\u00e5 uppleva. J\u00e4tteh\u00e4ftigt, sade han d\u00e5 i en intervju med <a href=\"https:\/\/www.vf.se\/2025\/03\/24\/ovantade-chansen-nye-malvakten-om-speciella-fbk-kopplingen-da-fick-jag-gashud-ad5ce\/\" rel=\"nofollow noopener\" target=\"_blank\">V\u00e4rmlands Folkblad.<\/a><\/p>\n<p> Source: <a href=\"https:\/\/www.eliteprospects.com\/player\/297234\/j%C3%B8rgen-hanneborg\" target=\"_blank\" rel=\"noopener noreferrer nofollow\">J\u00f8rgen Hanneborg<\/a> @ Elite Prospects<\/p>\n","protected":false},"excerpt":{"rendered":"S\u00e5 sent som i mars vaktade han b\u00e5sd\u00f6rren f\u00f6r F\u00e4rjestad i SHL. Nu f\u00e5r J\u00f8rgen Hanneborg l\u00e4mna Cracovia&hellip;\n","protected":false},"author":2,"featured_media":22922,"comment_status":"","ping_status":"","sticky":false,"template":"","format":"standard","meta":{"footnotes":""},"categories":[68],"tags":[621,34,133,111,110,31,33,32,30],"class_list":{"0":"post-22921","1":"post","2":"type-post","3":"status-publish","4":"format-standard","5":"has-post-thumbnail","7":"category-sport","8":"tag-hockeyallsvenskan","9":"tag-se","10":"tag-second-news","11":"tag-sport","12":"tag-sports","13":"tag-svenska","14":"tag-sverige","15":"tag-sweden","16":"tag-swedish"},"share_on_mastodon":{"url":"","error":""},"_links":{"self":[{"href":"https:\/\/www.europesays.com\/se\/wp-json\/wp\/v2\/posts\/22921","targetHints":{"allow":["GET"]}}],"collection":[{"href":"https:\/\/www.europesays.com\/se\/wp-json\/wp\/v2\/posts"}],"about":[{"href":"https:\/\/www.europesays.com\/se\/wp-json\/wp\/v2\/types\/post"}],"author":[{"embeddable":true,"href":"https:\/\/www.europesays.com\/se\/wp-json\/wp\/v2\/users\/2"}],"replies":[{"embeddable":true,"href":"https:\/\/www.europesays.com\/se\/wp-json\/wp\/v2\/comments?post=22921"}],"version-history":[{"count":0,"href":"https:\/\/www.europesays.com\/se\/wp-json\/wp\/v2\/posts\/22921\/revisions"}],"wp:featuredmedia":[{"embeddable":true,"href":"https:\/\/www.europesays.com\/se\/wp-json\/wp\/v2\/media\/22922"}],"wp:attachment":[{"href":"https:\/\/www.europesays.com\/se\/wp-json\/wp\/v2\/media?parent=22921"}],"wp:term":[{"taxonomy":"category","embeddable":true,"href":"https:\/\/www.europesays.com\/se\/wp-json\/wp\/v2\/categories?post=22921"},{"taxonomy":"post_tag","embeddable":true,"href":"https:\/\/www.europesays.com\/se\/wp-json\/wp\/v2\/tags?post=22921"}],"curies":[{"name":"wp","href":"https:\/\/api.w.org\/{rel}","templated":true}]}}