{"id":229521,"date":"2026-04-27T08:03:09","date_gmt":"2026-04-27T08:03:09","guid":{"rendered":"https:\/\/www.europesays.com\/se\/229521\/"},"modified":"2026-04-27T08:03:09","modified_gmt":"2026-04-27T08:03:09","slug":"hasan-cetinkaya-drar-sig-ur-aterkallar-malet-mot-fotboll-sthlm","status":"publish","type":"post","link":"https:\/\/www.europesays.com\/se\/229521\/","title":{"rendered":"Hasan Cetinkaya drar sig ur \u2013 \u00e5terkallar m\u00e5let mot Fotboll Sthlm"},"content":{"rendered":"<p><b>Hasan Cetinkaya drar sig ur.<\/b><\/p>\n<p><b>Agenten som har st\u00e4mt Fotboll Sthlm f\u00f6r grovt f\u00f6rtal ger upp p\u00e5 f\u00f6rhand.<\/b><\/p>\n<p class=\"text\">Annons<\/p>\n<p>    <a href=\"\" target=\"_blank\" class=\"fotbollsthlm-ad-link\"><br \/>\n        <img decoding=\"async\" src=\"\" class=\"image-mobile\"\/><br \/>\n        <img decoding=\"async\" src=\"\" class=\"image-desktop\"\/><br \/>\n    <\/a><\/p>\n<p>I april 2024 publicerade Fotboll Sthlm tillsammans med Expressen en <a href=\"https:\/\/fotbollsthlm.se\/nyhet\/granskar-hcm-sports-management-och-gangkopplingarna\/\" rel=\"nofollow noopener\" target=\"_blank\">granskning<\/a> som visade p\u00e5 ett flertal kopplingar mellan agenturen Hasan Cetinkaya Management och kriminella g\u00e4ng s\u00e5som Foxtrot och Backag\u00e4nget.<\/p>\n<p>Hasan Cetinkaya l\u00e4mnade en tid senare in en st\u00e4mningsans\u00f6kan om grovt f\u00f6rtal. Huvudf\u00f6rhandlingen var inbokad till i h\u00f6st efter en process som p\u00e5g\u00e5tt i n\u00e4stan tv\u00e5 \u00e5r, men nu har Cetinkaya via sin advokat \u00e5terkallat talan.<\/p>\n<p>\u2013 Vi trodde aldrig att Hasan Cetinkaya skulle v\u00e5ga g\u00e5 upp i tingsr\u00e4tten, s\u00e5 detta var v\u00e4ntat. Han f\u00f6rs\u00f6kte skr\u00e4mma oss till tystnad och det gick uppenbarligen inget vidare, s\u00e4ger Oskar M\u00e5nsson, chefredakt\u00f6r p\u00e5 Fotboll Sthlm.<\/p>\n<p>Cetinkaya har \u00e4ven anm\u00e4lt Fotboll Sthlm till Justitiekanslern, Medieombudsmannen samt \u00f6verklagat till Mediernas etikn\u00e4mnd utan n\u00e5gon lycka.<\/p>\n<p>I f\u00f6rra veckan vann Fotboll Sthlm priset <a href=\"https:\/\/fotbollsthlm.se\/nyhet\/dubbla-guldskoldar-till-fotboll-sthlm-prisas-for-agentgranskningarna\/\" rel=\"nofollow noopener\" target=\"_blank\">Guldsk\u00f6lden<\/a> i kategorin \u201d\u00c5rets sportjobb\u201d f\u00f6r v\u00e5ra agentgranskningar.<\/p>\n<p>\u2013 Vi kommer forts\u00e4tta att unders\u00f6ka hur g\u00e4ngkriminaliteten n\u00e4rmar sig unga fotbollstalanger. F\u00e5 eller inga \u00e4mnen \u00e4r mer relevanta f\u00f6r oss att granska, s\u00e4ger Oskar M\u00e5nsson.<\/p>\n<p>\u2713\u00a0Granskningen av Hasan Cetinkaya Management\u00a0<a href=\"https:\/\/fotbollsthlm.se\/nyhet\/granskar-hcm-sports-management-och-gangkopplingarna\/\" target=\"_blank\" rel=\"noopener nofollow\" data-saferedirecturl=\"https:\/\/www.google.com\/url?q=https:\/\/fotbollsthlm.se\/nyhet\/granskar-hcm-sports-management-och-gangkopplingarna\/&amp;source=gmail&amp;ust=1777355637277000&amp;usg=AOvVaw2wCUaTR-aHGi5F6ksAeTne\">l\u00e4ser du h\u00e4r<\/a>.<\/p>\n","protected":false},"excerpt":{"rendered":"Hasan Cetinkaya drar sig ur. Agenten som har st\u00e4mt Fotboll Sthlm f\u00f6r grovt f\u00f6rtal ger upp p\u00e5 f\u00f6rhand.&hellip;\n","protected":false},"author":2,"featured_media":229522,"comment_status":"","ping_status":"","sticky":false,"template":"","format":"standard","meta":{"footnotes":"","_share_on_mastodon":"0"},"categories":[68],"tags":[6282,17995,2626,34,111,110,17996,31,33,32,30],"class_list":["post-229521","post","type-post","status-publish","format-standard","has-post-thumbnail","category-sport","tag-granskning","tag-hasan-cetinakya","tag-kriminalitet","tag-se","tag-sport","tag-sports","tag-stamningsansokan","tag-svenska","tag-sverige","tag-sweden","tag-swedish"],"share_on_mastodon":{"url":"https:\/\/pubeurope.com\/@se\/116475632745719631","error":""},"_links":{"self":[{"href":"https:\/\/www.europesays.com\/se\/wp-json\/wp\/v2\/posts\/229521","targetHints":{"allow":["GET"]}}],"collection":[{"href":"https:\/\/www.europesays.com\/se\/wp-json\/wp\/v2\/posts"}],"about":[{"href":"https:\/\/www.europesays.com\/se\/wp-json\/wp\/v2\/types\/post"}],"author":[{"embeddable":true,"href":"https:\/\/www.europesays.com\/se\/wp-json\/wp\/v2\/users\/2"}],"replies":[{"embeddable":true,"href":"https:\/\/www.europesays.com\/se\/wp-json\/wp\/v2\/comments?post=229521"}],"version-history":[{"count":0,"href":"https:\/\/www.europesays.com\/se\/wp-json\/wp\/v2\/posts\/229521\/revisions"}],"wp:featuredmedia":[{"embeddable":true,"href":"https:\/\/www.europesays.com\/se\/wp-json\/wp\/v2\/media\/229522"}],"wp:attachment":[{"href":"https:\/\/www.europesays.com\/se\/wp-json\/wp\/v2\/media?parent=229521"}],"wp:term":[{"taxonomy":"category","embeddable":true,"href":"https:\/\/www.europesays.com\/se\/wp-json\/wp\/v2\/categories?post=229521"},{"taxonomy":"post_tag","embeddable":true,"href":"https:\/\/www.europesays.com\/se\/wp-json\/wp\/v2\/tags?post=229521"}],"curies":[{"name":"wp","href":"https:\/\/api.w.org\/{rel}","templated":true}]}}