{"id":23011,"date":"2025-09-05T17:38:09","date_gmt":"2025-09-05T17:38:09","guid":{"rendered":"https:\/\/www.europesays.com\/se\/23011\/"},"modified":"2025-09-05T17:38:09","modified_gmt":"2025-09-05T17:38:09","slug":"smallen-for-skelleftea-linus-soderstrom-tvingas-till-operation-shl","status":"publish","type":"post","link":"https:\/\/www.europesays.com\/se\/23011\/","title":{"rendered":"Sm\u00e4llen f\u00f6r Skellefte\u00e5 \u2013 Linus S\u00f6derstr\u00f6m tvingas till operation | SHL"},"content":{"rendered":"<p>Publicerad 5 sep 2025 kl 13.16Uppdaterad kl 14.21<\/p>\n<p>Tung sm\u00e4ll f\u00f6r Skellefte\u00e5 AIK med bara en vecka till premi\u00e4r i SHL.<\/p>\n<p>M\u00e5lvaktsstj\u00e4rnan Linus S\u00f6derstr\u00f6m tvingas till operation \u2013 och v\u00e4ntas bli borta \u00e5ret ut.<\/p>\n<p>\u2013\u00a0Det kan vara aktuellt med b\u00e5de l\u00e5n och n\u00e5got permanent, s\u00e4ger Skellefte\u00e5s general manager Erik Forssell.<\/p>\n<p><img   alt=\"\"\/> <\/p>\n<p>Foto: OLA WESTERBERG \/ BILDBYR\u00c5N<\/p>\n<p>\u00d6ppna bild i helsk\u00e4rm<\/p>\n<p>N\u00e4sta helg drar SHL-s\u00e4songen i g\u00e5ng. <a href=\"https:\/\/www.expressen.se\/tagg\/organization\/skelleftea-aik\/\" class=\"\" rel=\"nofollow noopener\" target=\"_blank\">Skellefte\u00e5 AIK<\/a> som m\u00f6ter Djurg\u00e5rden p\u00e5 Hovet i premi\u00e4ren.<\/p>\n<p>Men man g\u00f6r det utan m\u00e5lvakten Linus S\u00f6derstr\u00f6m i laget.<\/p>\n<p>Skellefte\u00e5 meddelar att m\u00e5lvaktsstj\u00e4rnan ska genomg\u00e5 en operation f\u00f6r en underkroppsskada som han dragits med sedan februari.<\/p>\n<p>\u2013 Det har sett bra ut periodvis, men sedan vi g\u00e5tt p\u00e5 is kan vi se att Linus inte kan belasta fullt ut, vilket g\u00f6r att ett ingrepp nu \u00e4r n\u00f6dv\u00e4ndigt, s\u00e4ger Karin Granberg, \u00f6vergripande ansvarig l\u00e4kare f\u00f6r Skellefte\u00e5 AIK, till klubbens hemsida.<\/p>\n<p>V\u00e4ntas bli borta \u00e5ret ut<\/p>\n<p>Hur l\u00e4nge S\u00f6derstr\u00f6m blir borta g\u00e5r \u00e4nnu inte att sl\u00e5 fast, utan avg\u00f6rs av resultatet av ingreppet samt rehabiliteringen.<\/p>\n<p>Enligt l\u00e4karen Karin Granberg \u00e4r det inte troligt att S\u00f6derstr\u00f6m spelar n\u00e5got f\u00f6re \u00e5rsskiftet.<\/p>\n<p>Klubbens general manager Erik Forssell \u00e4r f\u00e5ordig om S\u00f6derstr\u00f6ms skada.<\/p>\n<p>\u2013 Det var inget som var planerat sedan tidigare, det kan jag s\u00e4ga. Vi har unders\u00f6kt honom noggrant. Detaljerna f\u00e5r ni ta med v\u00e5rt medical team.<\/p>\n<p>Med Gustav Lindvall p\u00e5 skadelistan saknar Skellefte\u00e5 just nu sina tv\u00e5 ordinarie SHL-m\u00e5lvakter.<\/p>\n<p>\u2013 Just nu h\u00e5ller han (Lindvall) p\u00e5 att rehaba sin skada. Han \u00e4r inte j\u00e4tten\u00e4ra spel.<\/p>\n<p><strong>Inte j\u00e4tten\u00e4ra, betyder det m\u00e5nader bort?<\/strong><\/p>\n<p>\u2013 Oklart.<\/p>\n<p><img loading=\"lazy\"   alt=\"\"\/><\/p>\n<p>Lindvall.<\/p>\n<p>Foto: Bj\u00f6rn Larsson Rosvall\/TT \/ TT NYHETSBYR\u00c5N<\/p>\n<p>\u00d6ppna bild i helsk\u00e4rm<\/p>\n<p>Tills vidare kommer Skellefte\u00e5 lyfta upp n\u00e5gon av sina J20-m\u00e5lvakter, Anton Ringquist eller Caspar Lampe, f\u00f6r att sparra med Jani Lampinen.\u00a0<\/p>\n<p>Planen \u00e4r att ta in en ny seniorm\u00e5lvakt i n\u00e4rtid.\u00a0<\/p>\n<p>\u2013 Vi tittar p\u00e5 n\u00e5got annat alternativ. Det kan vara en korttidsl\u00f6sning eller s\u00e4songen ut.<\/p>\n<p><strong>Kommer ni l\u00e5na in den m\u00e5lvakten eller tar ni in n\u00e5got permanent?<\/strong><\/p>\n<p>\u2013 Vi tittar p\u00e5 alla m\u00f6jliga alternativ.<\/p>\n<p><strong>En vecka kvar till premi\u00e4ren, n\u00e4r har ni en ny m\u00e5lvakt p\u00e5 plats?<\/strong><\/p>\n<p>\u2013 Ja, sv\u00e5rt att s\u00e4ga. Jag vet inte. Jag har inte lagt tid p\u00e5 att bed\u00f6ma det. Vi jobbar p\u00e5, avslutar Erik Forssell.<\/p>\n","protected":false},"excerpt":{"rendered":"Publicerad 5 sep 2025 kl 13.16Uppdaterad kl 14.21 Tung sm\u00e4ll f\u00f6r Skellefte\u00e5 AIK med bara en vecka till&hellip;\n","protected":false},"author":2,"featured_media":23012,"comment_status":"","ping_status":"","sticky":false,"template":"","format":"standard","meta":{"footnotes":""},"categories":[68],"tags":[1894,34,255,823,111,110,31,33,32,30],"class_list":{"0":"post-23011","1":"post","2":"type-post","3":"status-publish","4":"format-standard","5":"has-post-thumbnail","7":"category-sport","8":"tag-organization-skelleftea-aik","9":"tag-se","10":"tag-sections-ishockey","11":"tag-sections-shl","12":"tag-sport","13":"tag-sports","14":"tag-svenska","15":"tag-sverige","16":"tag-sweden","17":"tag-swedish"},"share_on_mastodon":{"url":"","error":""},"_links":{"self":[{"href":"https:\/\/www.europesays.com\/se\/wp-json\/wp\/v2\/posts\/23011","targetHints":{"allow":["GET"]}}],"collection":[{"href":"https:\/\/www.europesays.com\/se\/wp-json\/wp\/v2\/posts"}],"about":[{"href":"https:\/\/www.europesays.com\/se\/wp-json\/wp\/v2\/types\/post"}],"author":[{"embeddable":true,"href":"https:\/\/www.europesays.com\/se\/wp-json\/wp\/v2\/users\/2"}],"replies":[{"embeddable":true,"href":"https:\/\/www.europesays.com\/se\/wp-json\/wp\/v2\/comments?post=23011"}],"version-history":[{"count":0,"href":"https:\/\/www.europesays.com\/se\/wp-json\/wp\/v2\/posts\/23011\/revisions"}],"wp:featuredmedia":[{"embeddable":true,"href":"https:\/\/www.europesays.com\/se\/wp-json\/wp\/v2\/media\/23012"}],"wp:attachment":[{"href":"https:\/\/www.europesays.com\/se\/wp-json\/wp\/v2\/media?parent=23011"}],"wp:term":[{"taxonomy":"category","embeddable":true,"href":"https:\/\/www.europesays.com\/se\/wp-json\/wp\/v2\/categories?post=23011"},{"taxonomy":"post_tag","embeddable":true,"href":"https:\/\/www.europesays.com\/se\/wp-json\/wp\/v2\/tags?post=23011"}],"curies":[{"name":"wp","href":"https:\/\/api.w.org\/{rel}","templated":true}]}}