{"id":230700,"date":"2026-04-28T09:06:15","date_gmt":"2026-04-28T09:06:15","guid":{"rendered":"https:\/\/www.europesays.com\/se\/230700\/"},"modified":"2026-04-28T09:06:15","modified_gmt":"2026-04-28T09:06:15","slug":"lattare-att-fa-serveringstillstand-fran-1-juni","status":"publish","type":"post","link":"https:\/\/www.europesays.com\/se\/230700\/","title":{"rendered":"L\u00e4ttare att f\u00e5 serveringstillst\u00e5nd fr\u00e5n 1 juni"},"content":{"rendered":"<p class=\"font-normal\">Kraven f\u00f6r serveringstillst\u00e5nd \u00e4ndras s\u00e5 att det inte l\u00e4ngre beh\u00f6vs ett eget k\u00f6k f\u00f6r att servera lagad mat. Det st\u00e4lls inte heller krav p\u00e5 ett visst antal sittplatser.<\/p>\n<p class=\"font-normal\">Det \u00f6ppnar f\u00f6r att till exempel fris\u00f6r- och sk\u00f6nhetssalonger, spa, gallerier och butiker kan ans\u00f6ka om tillst\u00e5nd vid exempelvis kundevent. Vid catering med alkohol ska lagad mat erbjudas, men maten beh\u00f6ver inte tillagas i ett eget k\u00f6k.<\/p>\n<p class=\"font-normal\">Den som ans\u00f6ker om tillst\u00e5nd pr\u00f6vas fortfarande av kommunen. Tillst\u00e5nd ges bara om kraven i lagen \u00e4r uppfyllda och avgifter f\u00f6r ans\u00f6kan och tillsyn finns kvar.<\/p>\n<p class=\"font-normal\">Riksdagen v\u00e4ntas fatta beslut 7 maj.<\/p>\n<p>Informationsm\u00f6ten<\/p>\n<p class=\"font-normal\">Inf\u00f6r f\u00f6r\u00e4ndringen bjuder kommunen in till tv\u00e5 drop-in-tillf\u00e4llen d\u00e4r verksamheter kan f\u00e5 information och st\u00e4lla fr\u00e5gor.<\/p>\n<ul class=\" sol-bullet-list font-normal\">\n<li>Tisdag 5 maj klockan 8.00\u20139.00<\/li>\n<li>Onsdag 6 maj klockan 15.00\u201316.00<\/li>\n<\/ul>\n<p class=\"font-normal\"><strong>Plats<\/strong>: kommunhusets foaj\u00e9<\/p>\n<p class=\"font-normal\"><strong>Anm\u00e4lan<\/strong>: ingen, drop-in<\/p>\n<p class=\"font-normal\">Mer information om serveringstillst\u00e5nd finns p\u00e5 <a href=\"https:\/\/www.strangnas.se\/arbete-och-foretagande\/tillstand-regler-och-tillsyn\/alkohol-tobak-och-e-cigaretter\/serveringstillstand\" rel=\"nofollow noopener\" target=\"_blank\">strangnas.se<\/a><\/p>\n","protected":false},"excerpt":{"rendered":"Kraven f\u00f6r serveringstillst\u00e5nd \u00e4ndras s\u00e5 att det inte l\u00e4ngre beh\u00f6vs ett eget k\u00f6k f\u00f6r att servera lagad mat.&hellip;\n","protected":false},"author":2,"featured_media":22253,"comment_status":"","ping_status":"","sticky":false,"template":"","format":"standard","meta":{"footnotes":"","_share_on_mastodon":"0"},"categories":[67],"tags":[104,34,1546,31,33,32,30,105],"class_list":["post-230700","post","type-post","status-publish","format-standard","has-post-thumbnail","category-underhallning","tag-entertainment","tag-se","tag-strangnas","tag-svenska","tag-sverige","tag-sweden","tag-swedish","tag-underhallning"],"share_on_mastodon":{"url":"https:\/\/pubeurope.com\/@se\/116481542521508019","error":""},"_links":{"self":[{"href":"https:\/\/www.europesays.com\/se\/wp-json\/wp\/v2\/posts\/230700","targetHints":{"allow":["GET"]}}],"collection":[{"href":"https:\/\/www.europesays.com\/se\/wp-json\/wp\/v2\/posts"}],"about":[{"href":"https:\/\/www.europesays.com\/se\/wp-json\/wp\/v2\/types\/post"}],"author":[{"embeddable":true,"href":"https:\/\/www.europesays.com\/se\/wp-json\/wp\/v2\/users\/2"}],"replies":[{"embeddable":true,"href":"https:\/\/www.europesays.com\/se\/wp-json\/wp\/v2\/comments?post=230700"}],"version-history":[{"count":0,"href":"https:\/\/www.europesays.com\/se\/wp-json\/wp\/v2\/posts\/230700\/revisions"}],"wp:featuredmedia":[{"embeddable":true,"href":"https:\/\/www.europesays.com\/se\/wp-json\/wp\/v2\/media\/22253"}],"wp:attachment":[{"href":"https:\/\/www.europesays.com\/se\/wp-json\/wp\/v2\/media?parent=230700"}],"wp:term":[{"taxonomy":"category","embeddable":true,"href":"https:\/\/www.europesays.com\/se\/wp-json\/wp\/v2\/categories?post=230700"},{"taxonomy":"post_tag","embeddable":true,"href":"https:\/\/www.europesays.com\/se\/wp-json\/wp\/v2\/tags?post=230700"}],"curies":[{"name":"wp","href":"https:\/\/api.w.org\/{rel}","templated":true}]}}