{"id":231888,"date":"2026-04-29T11:05:16","date_gmt":"2026-04-29T11:05:16","guid":{"rendered":"https:\/\/www.europesays.com\/se\/231888\/"},"modified":"2026-04-29T11:05:16","modified_gmt":"2026-04-29T11:05:16","slug":"analytiker-smaltverken-raddar-boliden-efter-gruvsmallen","status":"publish","type":"post","link":"https:\/\/www.europesays.com\/se\/231888\/","title":{"rendered":"Analytiker: Sm\u00e4ltverken r\u00e4ddar Boliden efter gruvsm\u00e4llen"},"content":{"rendered":"<p>Investeringar p\u00e5 15,5 miljarder<\/p>\n<p class=\"font-sans text-base text-text-main dark:text-text-main-dark font-normal leading-[1.4]\">Boliden guidar f\u00f6r investeringar p\u00e5 15,5 miljarder kronor under 2026. Vid f\u00f6rsta anblick ser det ut som en aggressiv expansionsfas. Klaar avdramatiserar dock siffran.<\/p>\n<p class=\"font-sans text-base text-text-main dark:text-text-main-dark font-normal leading-[1.4]\">&#8221;Gruvbolag har alltid h\u00f6g investeringstakt. De har aktiviteter som \u00e4r n\u00f6dv\u00e4ndiga f\u00f6r att kunna forts\u00e4tta bryta gruvorna som redovisningstekniskt klassas som investeringar.&#8221;<\/p>\n<p class=\"font-sans text-base text-text-main dark:text-text-main-dark font-normal leading-[1.4]\">Av totalsumman utg\u00f6r 6,5 miljarder kr underh\u00e5ll av befintliga verksamheter. Ytterligare cirka 5 miljarder g\u00e5r till effektivisering, h\u00e5llbarhet och utbyte av gammal utrustning.<\/p>\n<p class=\"font-sans text-base text-text-main dark:text-text-main-dark font-normal leading-[1.4]\">&#8221;Endast 4 miljarder \u00e4r rena expansionsinvesteringar. Viktigast av dessa \u00e4r f\u00f6rmodligen utbyggnaden av Garpenberg, som kanske blir f\u00f6rsenad nu&#8221;, s\u00e4ger Klaar.<\/p>\n<p class=\"font-sans text-base text-text-main dark:text-text-main-dark font-normal leading-[1.4]\">I mars beslutade Boliden att l\u00e4gga 4 miljarder kr p\u00e5 ett nytt uppfordringsschakt i Garpenberg, med m\u00e5let att n\u00e5 en produktionstakt p\u00e5 4,5 miljoner ton per \u00e5r till 2032. L\u00e4ngre fram v\u00e4ntar dessutom koppargruvan Laver i \u00c4lvsbyn.  Det \u00e4r en satsning som Klaar pekar ut som &#8221;en j\u00e4tteinvestering som n\u00e4rmar sig, men som \u00e4nnu \u00e4r n\u00e5gra \u00e5r bort&#8221;.<\/p>\n","protected":false},"excerpt":{"rendered":"Investeringar p\u00e5 15,5 miljarder Boliden guidar f\u00f6r investeringar p\u00e5 15,5 miljarder kronor under 2026. Vid f\u00f6rsta anblick ser&hellip;\n","protected":false},"author":2,"featured_media":231889,"comment_status":"","ping_status":"","sticky":false,"template":"","format":"standard","meta":{"footnotes":"","_share_on_mastodon":"0"},"categories":[5],"tags":[6171,22,23,26,27,17,21,2293,24,25,2981,28,29,15,16,3218,18,34,31,33,32,30,19,20],"class_list":["post-231888","post","type-post","status-publish","format-standard","has-post-thumbnail","category-rubriker","tag-boliden","tag-breaking-news","tag-breakingnews","tag-featured-news","tag-featurednews","tag-headlines","tag-huvudnyheter","tag-intervjuer","tag-latest-news","tag-latestnews","tag-lundin-mining","tag-main-news","tag-mainnews","tag-news","tag-nyheter","tag-rapporter","tag-rubriker","tag-se","tag-svenska","tag-sverige","tag-sweden","tag-swedish","tag-top-stories","tag-topstories"],"share_on_mastodon":{"url":"https:\/\/pubeurope.com\/@se\/116487672724069022","error":""},"_links":{"self":[{"href":"https:\/\/www.europesays.com\/se\/wp-json\/wp\/v2\/posts\/231888","targetHints":{"allow":["GET"]}}],"collection":[{"href":"https:\/\/www.europesays.com\/se\/wp-json\/wp\/v2\/posts"}],"about":[{"href":"https:\/\/www.europesays.com\/se\/wp-json\/wp\/v2\/types\/post"}],"author":[{"embeddable":true,"href":"https:\/\/www.europesays.com\/se\/wp-json\/wp\/v2\/users\/2"}],"replies":[{"embeddable":true,"href":"https:\/\/www.europesays.com\/se\/wp-json\/wp\/v2\/comments?post=231888"}],"version-history":[{"count":0,"href":"https:\/\/www.europesays.com\/se\/wp-json\/wp\/v2\/posts\/231888\/revisions"}],"wp:featuredmedia":[{"embeddable":true,"href":"https:\/\/www.europesays.com\/se\/wp-json\/wp\/v2\/media\/231889"}],"wp:attachment":[{"href":"https:\/\/www.europesays.com\/se\/wp-json\/wp\/v2\/media?parent=231888"}],"wp:term":[{"taxonomy":"category","embeddable":true,"href":"https:\/\/www.europesays.com\/se\/wp-json\/wp\/v2\/categories?post=231888"},{"taxonomy":"post_tag","embeddable":true,"href":"https:\/\/www.europesays.com\/se\/wp-json\/wp\/v2\/tags?post=231888"}],"curies":[{"name":"wp","href":"https:\/\/api.w.org\/{rel}","templated":true}]}}