{"id":23268,"date":"2025-09-06T04:54:06","date_gmt":"2025-09-06T04:54:06","guid":{"rendered":"https:\/\/www.europesays.com\/se\/23268\/"},"modified":"2025-09-06T04:54:06","modified_gmt":"2025-09-06T04:54:06","slug":"pernilla-stoppade-christian-i-tv4","status":"publish","type":"post","link":"https:\/\/www.europesays.com\/se\/23268\/","title":{"rendered":"Pernilla stoppade Christian i TV4"},"content":{"rendered":"<p>Publicerad 6 sep 2025 kl 06.36Uppdaterad kl 06.48<\/p>\n<p>Christian Bauer i TV4:s \u201dLet&#8217;s dance\u201d?<\/p>\n<p>Absolut inte, enligt frun Pernilla Wahlgren.<\/p>\n<p>\u2013 Det kan l\u00e5ta h\u00e5rt, men det best\u00e4mmer jag, s\u00e4ger hon i premi\u00e4ren av \u201dWahlgrens v\u00e4rld\u201d.<\/p>\n<p><img loading=\"lazy\"   alt=\"\"\/> <\/p>\n<p>Foto: HBO Max<\/p>\n<p>\u00d6ppna bild i helsk\u00e4rm<img loading=\"lazy\"   alt=\"\"\/> <\/p>\n<p>Foto: HBO Max<\/p>\n<p>\u00d6ppna bild i helsk\u00e4rm<img loading=\"lazy\"   alt=\"\"\/> <\/p>\n<p>Foto: KARIN T\u00d6RNBLOM \/ IBL<\/p>\n<p>\u00d6ppna bild i helsk\u00e4rm<img loading=\"lazy\"   alt=\"\"\/><\/p>\n<p>Pernilla Wahlgren och Christian Bauer.<\/p>\n<p>Foto: Anders Wiklund\/TT \/ TT NYHETSBYR\u00c5N<\/p>\n<p>\u00d6ppna bild i helsk\u00e4rm<\/p>\n<p>P\u00e5 torsdagskv\u00e4llen \u00e4r \u201dWahlgrens v\u00e4rld\u201d tillbaka i Kanal 5 och p\u00e5 HBO Max.\u00a0<\/p>\n<p>I premi\u00e4ren ber\u00e4ttar <a href=\"https:\/\/www.expressen.se\/tagg\/person\/pernilla-wahlgren\/\" class=\"\" rel=\"nofollow noopener\" target=\"_blank\">Pernilla Wahlgren<\/a> att Christian Bauer \u00e4r i v\u00e4g och spelar in ett program ingen av dem riktigt verkar veta vad det handlar om.\u00a0<\/p>\n<p>Samtidigt avsl\u00f6jar Wahlgren att hennes man f\u00e5tt flera inbjudningar till tv-inspelningar.\u00a0<\/p>\n<p>\u2013 Jag f\u00f6rst\u00e5r att han f\u00e5r f\u00f6rfr\u00e5gningar men s\u00e5 h\u00e4r \u00e4r det, helt \u00e4rligt. Jag har lite problem med folk f\u00f6r att de \u00e4r k\u00e4nda bara f\u00f6r att de \u00e4r gift med n\u00e5gon, son eller dotter till n\u00e5gon, vilket kan l\u00e5ta roligt f\u00f6r det \u00e4r s\u00e5 hela v\u00e5r familj \u00e4r, s\u00e4ger hon.\u00a0<\/p>\n<p>Pernilla Wahlgren avsl\u00f6jar ocks\u00e5 att Christian Bauer har f\u00e5tt f\u00f6rfr\u00e5gan om att vara med i TV4:s \u201dLet&#8217;s dance\u201d \u2013 ett f\u00f6rslag som inte landade v\u00e4l hos henne.\u00a0<\/p>\n<p>\u2013 Och jag ba: \u201dAldrig i livet att du f\u00e5r vara med i \u201dLet&#8217;s dance\u201d, det kan l\u00e5ta h\u00e5rt, men det best\u00e4mmer jag, f\u00f6r det blir j\u00e4ttet\u00f6ntigt. Pernilla Wahlgrens man ska t\u00e4vla i \u201dLet&#8217;s dance\u201d, plus att Bianca och Benjamin faktiskt hade talang, s\u00e4ger Wahlgren och skrattar.\u00a0<\/p>\n<p>N\u00e4r Bauer f\u00e5r tv-inbjudningarna bollar han dem med sin fru.\u00a0<\/p>\n<p>\u2013\u00a0Men jag skulle nog s\u00e4ga att det \u00e4r jag som har sista ordet om han b\u00f6r eller inte b\u00f6r g\u00f6ra det, s\u00e4ger Wahlgren i \u201dWahlgrens v\u00e4rld\u201d.\u00a0<\/p>\n<p>Christian Bauers k\u00e4nslor<\/p>\n<p>N\u00e4r Expressen tr\u00e4ffar Christian Bauer och Pernilla Wahlgren p\u00e5 Kristallens r\u00f6da matta ber\u00e4ttar Bauer hur han k\u00e4nner inf\u00f6r att han inte f\u00e5r vara med i \u201dLet&#8217;s dance\u201d.\u00a0<\/p>\n<p>\u2013 Jag kan v\u00e4l tycka att det var ett bra beslut av henne, konstaterar han.\u00a0<\/p>\n<p><strong>S\u00e5 vad skulle h\u00e4nda om du f\u00e5r en fr\u00e5ga igen?\u00a0<\/strong><\/p>\n<p>\u2013\u00a0Jag skulle nog fortfarande r\u00e5dfr\u00e5ga henne.<\/p>\n<p>Pernilla Wahlgren \u00e4r \u00e4nd\u00e5 klar med vad hon tycker.\u00a0<\/p>\n<p>\u2013\u00a0Svaret \u00e4r fortfarande nej, s\u00e4ger hon och skrattar.\u00a0<\/p>\n","protected":false},"excerpt":{"rendered":"Publicerad 6 sep 2025 kl 06.36Uppdaterad kl 06.48 Christian Bauer i TV4:s \u201dLet&#8217;s dance\u201d? Absolut inte, enligt frun&hellip;\n","protected":false},"author":2,"featured_media":23269,"comment_status":"","ping_status":"","sticky":false,"template":"","format":"standard","meta":{"footnotes":""},"categories":[67],"tags":[104,2780,2781,357,34,645,31,33,32,30,105],"class_list":{"0":"post-23268","1":"post","2":"type-post","3":"status-publish","4":"format-standard","5":"has-post-thumbnail","7":"category-underhallning","8":"tag-entertainment","9":"tag-organization-lets-dance","10":"tag-person-christian-bauer","11":"tag-person-pernilla-wahlgren","12":"tag-se","13":"tag-sections-tv","14":"tag-svenska","15":"tag-sverige","16":"tag-sweden","17":"tag-swedish","18":"tag-underhallning"},"share_on_mastodon":{"url":"","error":""},"_links":{"self":[{"href":"https:\/\/www.europesays.com\/se\/wp-json\/wp\/v2\/posts\/23268","targetHints":{"allow":["GET"]}}],"collection":[{"href":"https:\/\/www.europesays.com\/se\/wp-json\/wp\/v2\/posts"}],"about":[{"href":"https:\/\/www.europesays.com\/se\/wp-json\/wp\/v2\/types\/post"}],"author":[{"embeddable":true,"href":"https:\/\/www.europesays.com\/se\/wp-json\/wp\/v2\/users\/2"}],"replies":[{"embeddable":true,"href":"https:\/\/www.europesays.com\/se\/wp-json\/wp\/v2\/comments?post=23268"}],"version-history":[{"count":0,"href":"https:\/\/www.europesays.com\/se\/wp-json\/wp\/v2\/posts\/23268\/revisions"}],"wp:featuredmedia":[{"embeddable":true,"href":"https:\/\/www.europesays.com\/se\/wp-json\/wp\/v2\/media\/23269"}],"wp:attachment":[{"href":"https:\/\/www.europesays.com\/se\/wp-json\/wp\/v2\/media?parent=23268"}],"wp:term":[{"taxonomy":"category","embeddable":true,"href":"https:\/\/www.europesays.com\/se\/wp-json\/wp\/v2\/categories?post=23268"},{"taxonomy":"post_tag","embeddable":true,"href":"https:\/\/www.europesays.com\/se\/wp-json\/wp\/v2\/tags?post=23268"}],"curies":[{"name":"wp","href":"https:\/\/api.w.org\/{rel}","templated":true}]}}