{"id":23272,"date":"2025-09-06T05:02:12","date_gmt":"2025-09-06T05:02:12","guid":{"rendered":"https:\/\/www.europesays.com\/se\/23272\/"},"modified":"2025-09-06T05:02:12","modified_gmt":"2025-09-06T05:02:12","slug":"john-mcenroes-ord-efter-bjorn-borgs-cancerbesked-alskar-bjorn","status":"publish","type":"post","link":"https:\/\/www.europesays.com\/se\/23272\/","title":{"rendered":"John McEnroes ord \u2013 efter Bj\u00f6rn Borgs cancerbesked: \u201d\u00c4lskar Bj\u00f6rn\u201d"},"content":{"rendered":"<p>Publicerad 5 sep 2025 kl 18.04Uppdaterad kl 19.08<\/p>\n<p>Ig\u00e5r fick v\u00e4rlden veta att Bj\u00f6rn Borg, 69, har prostatacancer.<\/p>\n<p>Men det var inga nyheter f\u00f6r John McEnroe \u2013 Borgs st\u00f6rsta rival under karri\u00e4ren.<\/p>\n<p>\u2013 Jag har vetat ett tag, s\u00e4ger tennisikonen.<\/p>\n<p><img loading=\"lazy\"   alt=\"\"\/><\/p>\n<p>John McEnroe.<\/p>\n<p>Foto: JENS CHRISTIAN<\/p>\n<p>\u00d6ppna bild i helsk\u00e4rm<img loading=\"lazy\"   alt=\"\"\/><\/p>\n<p>Bj\u00f6rn Borg.<\/p>\n<p>Foto: Jonas Ekstr\u00f6mer \/ TT NYHETSBYR\u00c5N<\/p>\n<p>\u00d6ppna bild i helsk\u00e4rm<\/p>\n<p>I den kommande sj\u00e4lvbiografin \u201dHj\u00e4rtslag\u201d avsl\u00f6jar Bj\u00f6rn Borg att han drabbats av prostatacancer. <a href=\"https:\/\/www.expressen.se\/sport\/bjorn-borg-har-cancer-berattar-i-ny-bok\/\" rel=\"nofollow noopener\" target=\"_blank\">Det kunde Expressen rapportera om under torsdagen.<\/a>\u00a0<\/p>\n<p>En som drabbats s\u00e4rskilt av nyheterna \u00e4r Borgs tidigare stora rival \u2013 och numera goda v\u00e4n \u2013 <a href=\"https:\/\/www.expressen.se\/tagg\/person\/john-mcenroe\/\" class=\"\" rel=\"nofollow noopener\" target=\"_blank\">John McEnroe<\/a>.<\/p>\n<p>\u2013 F\u00f6rhoppningsvis \u00e4r det under kontroll, s\u00e4ger McEnroe p\u00e5 en presskonferens i samband med att US Open g\u00e5r mot sitt avg\u00f6rande.<\/p>\n<p>John McEnroe \u00e4r expert f\u00f6r HBO Max, som s\u00e4nder Grand Slam-t\u00e4vlingen.<\/p>\n<p>Amerikanen ber\u00e4ttar dock att g\u00e5rdagens besked inte kom som en chock.<\/p>\n<p>\u2013 Jag g\u00e5r inte in p\u00e5 specifika detaljer, men jag har vetat ett tag. Vad jag sa till honom \u00e4r det jag alltid s\u00e4ger n\u00e4r jag tr\u00e4ffar honom: \u201dJag \u00e4lskar dig, mannen!\u201d. Men det har jag sagt till honom \u00e4ven innan han hade cancer. Vi har ett speciellt band.<\/p>\n<p>\u201dJag m\u00e5ste tr\u00e4ffa Bj\u00f6rn mer\u201d<\/p>\n<p>\u00c4ven McEnroes pappa har varit drabbad av sjukdomen.<\/p>\n<p>\u2013 Det var inte det han dog av, s\u00e5 jag vet att man kan leva ett l\u00e5ngt liv beroende p\u00e5 hur invasiv sjukdomen \u00e4r. F\u00f6rhoppningsvis \u00e4r det inte den v\u00e4rsta sortens cancer.<\/p>\n<p>Tidigare har 66-\u00e5ringen ber\u00e4ttar att han vill spendera mer tid med sin v\u00e4n, Bj\u00f6rn Borg.<\/p>\n<p><strong>Har den k\u00e4nslan f\u00f6rst\u00e4rkts nu?<\/strong><\/p>\n<p>\u2013 Det \u00e4r en j\u00e4ttebra po\u00e4ng. Nu vill jag spendera \u00e4nnu mer tid med honom. Det \u00e4r sorgligt att man inte tr\u00e4ffar spelarna man spelade mot f\u00f6rut. Det fick mig att t\u00e4nka igen: \u201dJag m\u00e5ste tr\u00e4ffa Bj\u00f6rn mer\u201d.<\/p>\n<p>Boken, d\u00e5? Den ser McEnroe fram emot att l\u00e4sa.<\/p>\n<p>\u2013 Jag vet att boken kommer ut snart. Jag har inte l\u00e4st den, men jag ser fram emot att l\u00e4sa vad han har att s\u00e4ga om mig. Nej, jag skojar bara&#8230;<\/p>\n<p>Han avslutar:<\/p>\n<p>\u2013 Vi har alltid haft en bra relation. Alla inom tennisv\u00e4rlden skickar k\u00e4rlek till honom.<\/p>\n","protected":false},"excerpt":{"rendered":"Publicerad 5 sep 2025 kl 18.04Uppdaterad kl 19.08 Ig\u00e5r fick v\u00e4rlden veta att Bj\u00f6rn Borg, 69, har prostatacancer.&hellip;\n","protected":false},"author":2,"featured_media":23273,"comment_status":"","ping_status":"","sticky":false,"template":"","format":"standard","meta":{"footnotes":""},"categories":[68],"tags":[308,2168,34,307,111,110,31,33,32,30],"class_list":{"0":"post-23272","1":"post","2":"type-post","3":"status-publish","4":"format-standard","5":"has-post-thumbnail","7":"category-sport","8":"tag-person-bjorn-borg","9":"tag-person-john-mcenroe","10":"tag-se","11":"tag-sections-tennis","12":"tag-sport","13":"tag-sports","14":"tag-svenska","15":"tag-sverige","16":"tag-sweden","17":"tag-swedish"},"share_on_mastodon":{"url":"","error":""},"_links":{"self":[{"href":"https:\/\/www.europesays.com\/se\/wp-json\/wp\/v2\/posts\/23272","targetHints":{"allow":["GET"]}}],"collection":[{"href":"https:\/\/www.europesays.com\/se\/wp-json\/wp\/v2\/posts"}],"about":[{"href":"https:\/\/www.europesays.com\/se\/wp-json\/wp\/v2\/types\/post"}],"author":[{"embeddable":true,"href":"https:\/\/www.europesays.com\/se\/wp-json\/wp\/v2\/users\/2"}],"replies":[{"embeddable":true,"href":"https:\/\/www.europesays.com\/se\/wp-json\/wp\/v2\/comments?post=23272"}],"version-history":[{"count":0,"href":"https:\/\/www.europesays.com\/se\/wp-json\/wp\/v2\/posts\/23272\/revisions"}],"wp:featuredmedia":[{"embeddable":true,"href":"https:\/\/www.europesays.com\/se\/wp-json\/wp\/v2\/media\/23273"}],"wp:attachment":[{"href":"https:\/\/www.europesays.com\/se\/wp-json\/wp\/v2\/media?parent=23272"}],"wp:term":[{"taxonomy":"category","embeddable":true,"href":"https:\/\/www.europesays.com\/se\/wp-json\/wp\/v2\/categories?post=23272"},{"taxonomy":"post_tag","embeddable":true,"href":"https:\/\/www.europesays.com\/se\/wp-json\/wp\/v2\/tags?post=23272"}],"curies":[{"name":"wp","href":"https:\/\/api.w.org\/{rel}","templated":true}]}}