{"id":232894,"date":"2026-04-30T10:23:19","date_gmt":"2026-04-30T10:23:19","guid":{"rendered":"https:\/\/www.europesays.com\/se\/232894\/"},"modified":"2026-04-30T10:23:19","modified_gmt":"2026-04-30T10:23:19","slug":"swedbank-vdn-efter-domen-avstar-fran-att-kommentera","status":"publish","type":"post","link":"https:\/\/www.europesays.com\/se\/232894\/","title":{"rendered":"Swedbank-VD:n efter domen: &#8221;Avst\u00e5r fr\u00e5n att kommentera&#8221;"},"content":{"rendered":"<p>Bonnesens dom<\/p>\n<p class=\"font-sans text-base text-text-main dark:text-text-main-dark font-normal leading-[1.4]\">I snart sju \u00e5r har Jens Henriksson lett Swedbank-koncernen. Under tiden har en r\u00e4ttslig process p\u00e5g\u00e5tt mot hans f\u00f6retr\u00e4dare\u00a0<strong>Birgitte Bonnesen<\/strong>, som st\u00e5tt \u00e5talad i ett uppm\u00e4rksammat svindlerim\u00e5l.<\/p>\n<p class=\"font-sans text-base text-text-main dark:text-text-main-dark font-normal leading-[1.4]\">F\u00f6rra veckan mynnade processen till slut ut i en friande dom i H\u00f6gsta domstolen.<\/p>\n<p class=\"font-sans text-base text-text-main dark:text-text-main-dark font-normal leading-[1.4]\">\u201cJag avst\u00e5r fr\u00e5n att kommentera domen. Men jag har sj\u00e4lvklart f\u00f6ljt processen\u201d, s\u00e4ger Jens Henriksson.<\/p>\n<p class=\"font-sans text-base text-text-main dark:text-text-main-dark font-normal leading-[1.4]\"><strong>Har den r\u00e4ttsprocessen p\u00e5verkat hur du ser p\u00e5 att ge intervjuer i media?<\/strong><\/p>\n<p class=\"font-sans text-base text-text-main dark:text-text-main-dark font-normal leading-[1.4]\">\u201cDet d\u00e4r \u00e4r ju en v\u00e4ldigt relevant fr\u00e5ga och den kan du st\u00e4lla till vilken VD som helst, och de kommer att svara p\u00e5 den. Men inte jag, d\u00e5 det kommer tolkas som att det \u00e4r ett svar p\u00e5 just detta. S\u00e5 jag avst\u00e5r \u00e4ven fr\u00e5n den fr\u00e5gan.\u201d<\/p>\n","protected":false},"excerpt":{"rendered":"Bonnesens dom I snart sju \u00e5r har Jens Henriksson lett Swedbank-koncernen. Under tiden har en r\u00e4ttslig process p\u00e5g\u00e5tt&hellip;\n","protected":false},"author":2,"featured_media":232895,"comment_status":"","ping_status":"","sticky":false,"template":"","format":"standard","meta":{"footnotes":"","_share_on_mastodon":"0"},"categories":[65],"tags":[72,70,71,2293,3218,34,31,33,2066,32,30],"class_list":["post-232894","post","type-post","status-publish","format-standard","has-post-thumbnail","category-ekonomi","tag-business","tag-economy","tag-ekonomi","tag-intervjuer","tag-rapporter","tag-se","tag-svenska","tag-sverige","tag-swedbank","tag-sweden","tag-swedish"],"share_on_mastodon":{"url":"https:\/\/pubeurope.com\/@se\/116493169781802115","error":""},"_links":{"self":[{"href":"https:\/\/www.europesays.com\/se\/wp-json\/wp\/v2\/posts\/232894","targetHints":{"allow":["GET"]}}],"collection":[{"href":"https:\/\/www.europesays.com\/se\/wp-json\/wp\/v2\/posts"}],"about":[{"href":"https:\/\/www.europesays.com\/se\/wp-json\/wp\/v2\/types\/post"}],"author":[{"embeddable":true,"href":"https:\/\/www.europesays.com\/se\/wp-json\/wp\/v2\/users\/2"}],"replies":[{"embeddable":true,"href":"https:\/\/www.europesays.com\/se\/wp-json\/wp\/v2\/comments?post=232894"}],"version-history":[{"count":0,"href":"https:\/\/www.europesays.com\/se\/wp-json\/wp\/v2\/posts\/232894\/revisions"}],"wp:featuredmedia":[{"embeddable":true,"href":"https:\/\/www.europesays.com\/se\/wp-json\/wp\/v2\/media\/232895"}],"wp:attachment":[{"href":"https:\/\/www.europesays.com\/se\/wp-json\/wp\/v2\/media?parent=232894"}],"wp:term":[{"taxonomy":"category","embeddable":true,"href":"https:\/\/www.europesays.com\/se\/wp-json\/wp\/v2\/categories?post=232894"},{"taxonomy":"post_tag","embeddable":true,"href":"https:\/\/www.europesays.com\/se\/wp-json\/wp\/v2\/tags?post=232894"}],"curies":[{"name":"wp","href":"https:\/\/api.w.org\/{rel}","templated":true}]}}