{"id":23410,"date":"2025-09-06T10:58:08","date_gmt":"2025-09-06T10:58:08","guid":{"rendered":"https:\/\/www.europesays.com\/se\/23410\/"},"modified":"2025-09-06T10:58:08","modified_gmt":"2025-09-06T10:58:08","slug":"turkiets-ilska-infor-attondelsfinalen-lojligt-basket","status":"publish","type":"post","link":"https:\/\/www.europesays.com\/se\/23410\/","title":{"rendered":"Turkiets ilska inf\u00f6r \u00e5ttondelsfinalen: \u201dL\u00f6jligt\u201d | Basket"},"content":{"rendered":"<p>Publicerad 6 sep 2025 kl 09.26Uppdaterad kl 10.21<\/p>\n<p>Turkiet vann gruppen.\u00a0<\/p>\n<p>Men f\u00e5r spela den tidiga EM-\u00e5ttondelsfinalen.\u00a0<\/p>\n<p>\u2013 Det \u00e4r l\u00f6jligt och v\u00e4ldigt konstigt, s\u00e4ger f\u00f6rbundskapten Ergin Ataman till <a href=\"https:\/\/www.svt.se\/sport\/basket\/turkiets-tranare-rasar-infor-attondelen-det-ar-lojligt\" rel=\"nofollow noopener\" target=\"_blank\">SVT.<\/a>\u00a0<\/p>\n<p><img loading=\"lazy\"   alt=\"\"\/><\/p>\n<p>Ergin Ataman.<\/p>\n<p>Foto: Pedja Milosavljevic\/STARSPORT\/Shutters \/ TT NYHETSBYR\u00c5N<\/p>\n<p>\u00d6ppna bild i helsk\u00e4rm<img loading=\"lazy\"   alt=\"\"\/><\/p>\n<p>Sverige \u00e4r i historisk \u00e5ttondelsfinal.<\/p>\n<p>Foto: MAXIM THORE \/ BILDBYR\u00c5N<\/p>\n<p>\u00d6ppna bild i helsk\u00e4rm<img loading=\"lazy\"   alt=\"\"\/>\u00d6ppna bild i helsk\u00e4rm<\/p>\n<p>Sverige st\u00e4lls mot Turkiet vid 11:00 p\u00e5 l\u00f6rdagen.\u00a0<\/p>\n<p>En tidig avkasttid \u2013 som inte faller Turkiet i smaken.\u00a0<\/p>\n<p>\u2013 Sj\u00e4lvklart \u00e4r jag uppr\u00f6rd. Vi vinner gruppen obesegrade och vi m\u00e5ste \u00e4nd\u00e5 spela klockan tolv (elva svensk tid reds. anm) p\u00e5 f\u00f6rmiddagen. Det \u00e4r l\u00f6jligt och v\u00e4ldigt konstigt, men vi kommer vara redo att g\u00f6ra en av v\u00e5ra b\u00e4sta matcher, s\u00e4ger f\u00f6rbundskaptenen Ergin Ataman till SVT.\u00a0<\/p>\n<p>Han po\u00e4ngterar att de \u00e4nd\u00e5 kommer vara redo att spela p\u00e5 topp f\u00f6r att sl\u00e5 ut Sverige.\u00a0<\/p>\n<p>\u201dB\u00e4sta landskampen n\u00e5gonsin\u201d\u00a0<\/p>\n<p>Turkiet har stj\u00e4rnor som Alperen Sengun i laget och \u00e4r storfavoriter inf\u00f6r matchen som p\u00e5 f\u00f6rhand har kallats f\u00f6r den st\u00f6rsta i svensk baskets historia. Det \u00e4r f\u00f6rsta g\u00e5ngen n\u00e5gonsin som Bl\u00e5gult tar sig till en \u00e5ttondelsfinal.\u00a0<\/p>\n<p>\u2013 Vi kommer beh\u00f6va spela den b\u00e4sta landskampen vi n\u00e5gonsin har spelat f\u00f6r att kunna t\u00e4vla i den h\u00e4r matchen och det \u00e4r vi fullt medvetna om, s\u00e4ger f\u00f6rbundskapten Mikko Riipinen till SVT.<\/p>\n<p>Matchen spelas i Riga.\u00a0<\/p>\n","protected":false},"excerpt":{"rendered":"Publicerad 6 sep 2025 kl 09.26Uppdaterad kl 10.21 Turkiet vann gruppen.\u00a0 Men f\u00e5r spela den tidiga EM-\u00e5ttondelsfinalen.\u00a0 \u2013&hellip;\n","protected":false},"author":2,"featured_media":23411,"comment_status":"","ping_status":"","sticky":false,"template":"","format":"standard","meta":{"footnotes":""},"categories":[68],"tags":[34,2126,111,110,31,33,32,30],"class_list":{"0":"post-23410","1":"post","2":"type-post","3":"status-publish","4":"format-standard","5":"has-post-thumbnail","7":"category-sport","8":"tag-se","9":"tag-sections-basket","10":"tag-sport","11":"tag-sports","12":"tag-svenska","13":"tag-sverige","14":"tag-sweden","15":"tag-swedish"},"share_on_mastodon":{"url":"","error":""},"_links":{"self":[{"href":"https:\/\/www.europesays.com\/se\/wp-json\/wp\/v2\/posts\/23410","targetHints":{"allow":["GET"]}}],"collection":[{"href":"https:\/\/www.europesays.com\/se\/wp-json\/wp\/v2\/posts"}],"about":[{"href":"https:\/\/www.europesays.com\/se\/wp-json\/wp\/v2\/types\/post"}],"author":[{"embeddable":true,"href":"https:\/\/www.europesays.com\/se\/wp-json\/wp\/v2\/users\/2"}],"replies":[{"embeddable":true,"href":"https:\/\/www.europesays.com\/se\/wp-json\/wp\/v2\/comments?post=23410"}],"version-history":[{"count":0,"href":"https:\/\/www.europesays.com\/se\/wp-json\/wp\/v2\/posts\/23410\/revisions"}],"wp:featuredmedia":[{"embeddable":true,"href":"https:\/\/www.europesays.com\/se\/wp-json\/wp\/v2\/media\/23411"}],"wp:attachment":[{"href":"https:\/\/www.europesays.com\/se\/wp-json\/wp\/v2\/media?parent=23410"}],"wp:term":[{"taxonomy":"category","embeddable":true,"href":"https:\/\/www.europesays.com\/se\/wp-json\/wp\/v2\/categories?post=23410"},{"taxonomy":"post_tag","embeddable":true,"href":"https:\/\/www.europesays.com\/se\/wp-json\/wp\/v2\/tags?post=23410"}],"curies":[{"name":"wp","href":"https:\/\/api.w.org\/{rel}","templated":true}]}}