{"id":23416,"date":"2025-09-06T11:06:08","date_gmt":"2025-09-06T11:06:08","guid":{"rendered":"https:\/\/www.europesays.com\/se\/23416\/"},"modified":"2025-09-06T11:06:08","modified_gmt":"2025-09-06T11:06:08","slug":"alcaraz-och-sinner-mots-for-tredje-finalen-i-rad","status":"publish","type":"post","link":"https:\/\/www.europesays.com\/se\/23416\/","title":{"rendered":"Alcaraz och Sinner m\u00f6ts f\u00f6r tredje finalen i rad"},"content":{"rendered":"<p>Carlos Alcaraz och Jannik Sinner kommer att m\u00f6tas i \u00e5rets final i US Open. Det st\u00e5r klart efter nattens semifinaler.<\/p>\n<p>Spanjoren Alcaraz vann sin match mot Novak Djokovic i tre raka set. Serben gjorde en bra match men hade \u00e4nd\u00e5 inget att s\u00e4tta emot den yngre och mer h\u00e5rdsl\u00e5ende 22-\u00e5ringen. Segersiffrorna skrevs till 6\u20134, 7\u20136, 6\u20132.<\/p>\n<p>I den andra semifinalen fick v\u00e4rldsettan Sinner en tuffare resa mot Felix Auger-Aliassime fr\u00e5n Kanada. Italienaren vann med 3\u20131 i set.<\/p>\n<p>\u2013 Det var en v\u00e4ldigt tuff match, s\u00e4ger Sinner efter\u00e5t.<\/p>\n<p>Det blir tredje grand slam-finalen i rad som Sinner och Alcaraz m\u00f6ts. I Franska \u00f6ppna vann Alcaraz och n\u00e5gra veckor senare fick Sinner revansch i Wimbledon.<\/p>\n<p>Omni \u00e4r politiskt obundna och oberoende. Vi str\u00e4var efter att ge fler perspektiv p\u00e5 nyheterna. Har du fr\u00e5gor eller synpunkter kring v\u00e5r rapportering? <a href=\"https:\/\/omni.se\/alcaraz-och-sinner-mots-for-tredje-finalen-i-rad\/a\/mailto:redaktion@omni.se\" class=\"ArticleActions_contactLink__W2F1M\" rel=\"nofollow noopener\" target=\"_blank\">Kontakta redaktionen<\/a><\/p>\n","protected":false},"excerpt":{"rendered":"Carlos Alcaraz och Jannik Sinner kommer att m\u00f6tas i \u00e5rets final i US Open. Det st\u00e5r klart efter&hellip;\n","protected":false},"author":2,"featured_media":23417,"comment_status":"","ping_status":"","sticky":false,"template":"","format":"standard","meta":{"footnotes":""},"categories":[68],"tags":[2806,2805,2804,34,111,110,31,33,32,30,1670],"class_list":{"0":"post-23416","1":"post","2":"type-post","3":"status-publish","4":"format-standard","5":"has-post-thumbnail","7":"category-sport","8":"tag-carlos-alcaraz","9":"tag-jannik-sinner","10":"tag-novak-djokovic","11":"tag-se","12":"tag-sport","13":"tag-sports","14":"tag-svenska","15":"tag-sverige","16":"tag-sweden","17":"tag-swedish","18":"tag-tennis"},"share_on_mastodon":{"url":"","error":""},"_links":{"self":[{"href":"https:\/\/www.europesays.com\/se\/wp-json\/wp\/v2\/posts\/23416","targetHints":{"allow":["GET"]}}],"collection":[{"href":"https:\/\/www.europesays.com\/se\/wp-json\/wp\/v2\/posts"}],"about":[{"href":"https:\/\/www.europesays.com\/se\/wp-json\/wp\/v2\/types\/post"}],"author":[{"embeddable":true,"href":"https:\/\/www.europesays.com\/se\/wp-json\/wp\/v2\/users\/2"}],"replies":[{"embeddable":true,"href":"https:\/\/www.europesays.com\/se\/wp-json\/wp\/v2\/comments?post=23416"}],"version-history":[{"count":0,"href":"https:\/\/www.europesays.com\/se\/wp-json\/wp\/v2\/posts\/23416\/revisions"}],"wp:featuredmedia":[{"embeddable":true,"href":"https:\/\/www.europesays.com\/se\/wp-json\/wp\/v2\/media\/23417"}],"wp:attachment":[{"href":"https:\/\/www.europesays.com\/se\/wp-json\/wp\/v2\/media?parent=23416"}],"wp:term":[{"taxonomy":"category","embeddable":true,"href":"https:\/\/www.europesays.com\/se\/wp-json\/wp\/v2\/categories?post=23416"},{"taxonomy":"post_tag","embeddable":true,"href":"https:\/\/www.europesays.com\/se\/wp-json\/wp\/v2\/tags?post=23416"}],"curies":[{"name":"wp","href":"https:\/\/api.w.org\/{rel}","templated":true}]}}