{"id":23437,"date":"2025-09-06T11:52:25","date_gmt":"2025-09-06T11:52:25","guid":{"rendered":"https:\/\/www.europesays.com\/se\/23437\/"},"modified":"2025-09-06T11:52:25","modified_gmt":"2025-09-06T11:52:25","slug":"sverige-tappade-poang-i-vm-kvalet-drama-efter-robin-olsens-tavla-landslaget","status":"publish","type":"post","link":"https:\/\/www.europesays.com\/se\/23437\/","title":{"rendered":"Sverige tappade po\u00e4ng i VM-kvalet \u2013 drama efter Robin Olsens tavla | Landslaget"},"content":{"rendered":"<p>Publicerad 5 sep 2025 kl 22.38Uppdaterad 6 sep kl 08.02<\/p>\n<p>Sverige tappade sent po\u00e4ng i VM-kvalet mot Slovenien.<\/p>\n<p>Bland annat efter en j\u00e4ttetavla av Robin Olsen.<\/p>\n<p>\u2013 Mycket ilska, besvikelse, tomhet. Allt m\u00f6jligt, s\u00e4ger landslagsm\u00e5lvakten.<\/p>\n<p>Robin Olsens ord efter missen<img loading=\"lazy\"   alt=\"\"\/> <\/p>\n<p>Foto: Jonas Ekstr\u00f6mer\/TT \/ TT SPORT \/ TT NYHETSBYR\u00c5N<\/p>\n<p>\u00d6ppna bild i helsk\u00e4rm<img loading=\"lazy\"   alt=\"\"\/> <\/p>\n<p>Foto: JOHANNA S\u00c4LL \/ BILDBYR\u00c5N<\/p>\n<p>\u00d6ppna bild i helsk\u00e4rm<img loading=\"lazy\"   alt=\"\"\/> <\/p>\n<p>Foto: Viaplay<\/p>\n<p>\u00d6ppna bild i helsk\u00e4rm<img loading=\"lazy\"   alt=\"\"\/> <\/p>\n<p>Foto: Viaplay<\/p>\n<p>\u00d6ppna bild i helsk\u00e4rm<img loading=\"lazy\"   alt=\"\"\/> <\/p>\n<p>Foto: Viaplay<\/p>\n<p>\u00d6ppna bild i helsk\u00e4rm<img loading=\"lazy\"   alt=\"\"\/> <\/p>\n<p>Foto: JOHANNA S\u00c4LL \/ BILDBYR\u00c5N<\/p>\n<p>\u00d6ppna bild i helsk\u00e4rm<\/p>\n<p>Det s\u00e5g l\u00e4nge ut att g\u00e5 v\u00e4gen f\u00f6r Sverige.<\/p>\n<p>Men efter en m\u00e5lvaktstavla av Robin Olsen och en sen kvittering av Slovenien s\u00e5 tappade Bl\u00e5gult po\u00e4ng i premi\u00e4ren av h\u00f6stens VM-kval.<\/p>\n<p>Matchen slutade 2\u20132.<\/p>\n<p>\u201dEtt skott man r\u00e4ddar med \u00f6gonen st\u00e4ngda\u201d<\/p>\n<p>Sverige spr\u00e4ckte nollan i den 18:e minuten.<\/p>\n<p>Efter en v\u00e4l avv\u00e4gd djupledspassning av Yasin Ayari kunde Anthony Elanga trycka dit 1\u20130.<\/p>\n<p>Det resultatet stod sig sedan fram till halvtidsvilan.<\/p>\n<p>Men tidigt i den andra halvleken var st\u00e4llningen utj\u00e4mnad.<\/p>\n<p>Sloveniens Sandi Lovric avlossade ett l\u00e5gt distansskott, rakt p\u00e5 m\u00e5lvakten Robin Olsen.<\/p>\n<p>Ett skott som, mot alla odds, slank in i m\u00e5l.\u00a0<\/p>\n<p>\u2013 Det \u00e4r en tavla som inte f\u00e5r ske p\u00e5 den h\u00e4r niv\u00e5n&#8230; Det \u00e4r ett skott man r\u00e4ddar med \u00f6gonen st\u00e4ngda. Otroligt misstag av Robin Olsen, kommenterar Bojan Djordjic i Viaplay.<\/p>\n<p>2\u20132 i slutminuterna<\/p>\n<p>Den svenske m\u00e5lvakten g\u00f6mde ansiktet i handskarna och verkade ta sitt ansvar f\u00f6r bakl\u00e4ngesm\u00e5let.<\/p>\n<p>Olsen, till vardags i Malm\u00f6 FF, s\u00e5g dock l\u00e4nge ut att kunna pusta ut efter tavlan.<\/p>\n<p>Yasin Ayari gjorde n\u00e4mligen 2\u20131 i den 73:e minuten, efter att Viktor Gy\u00f6keres d\u00e4mpat ner bollen med sin t\u00e5spets.<\/p>\n<p>Men det gick inte hela v\u00e4gen.<\/p>\n<p>Efter ett slovenskt kvitteringsm\u00e5l av Zan Vipotnik, i den 90:e minuten, slutade matchen 2\u20132.<\/p>\n<p>Efter matchen tr\u00e4ffade Expressen en nedtonad Robin Olsen.<\/p>\n<p><strong>Vad g\u00e5r genom ditt huvud n\u00e4r du sl\u00e4pper in m\u00e5let?<\/strong><\/p>\n<p>\u2013 Jag vet inte. Mycket ilska, besvikelse, tomhet. Allt m\u00f6jligt du kan t\u00e4nka dig.\u00a0<\/p>\n<p><strong>Hur m\u00e5r du nu?<\/strong><\/p>\n<p>\u2013 Otroligt besviken. Han tar ett avslut som jag ska ta alla dagar i veckan, men jag g\u00f6r ett d\u00e5ligt ingripande.<\/p>\n<p>Han bekr\u00e4ftar \u00e4ven att han omg\u00e5ende tog p\u00e5 sig skulden f\u00f6r m\u00e5let.<\/p>\n<p>\u2013 Jag str\u00e4ckte upp handen direkt, jag gjorde det ute p\u00e5 planen. Det \u00e4r p\u00e5 mig, s\u00e4ger han.<\/p>\n<p>Annons<\/p>\n<p>Lagkamraterna till f\u00f6rsvar: \u201dKlassm\u00e5lvakt\u201d<\/p>\n<p>Isak Hien, lagkapten, f\u00f6rsvarar sin m\u00e5lvakt.<\/p>\n<p>\u2013 Misstag g\u00f6r vi alla, det har alla gjort under sin karri\u00e4r, s\u00e4ger Hien efter matchen.<\/p>\n<p>Sveriges f\u00f6rbundskapten Jon Dahl Tomasson backade \u00e4ven han Olsen efter tavlan.\u00a0<\/p>\n<p>\u2013 Robin har r\u00e4ddat Sverige m\u00e5nga g\u00e5nger, vi ska inte l\u00e4gga skuld p\u00e5 honom. Det andra m\u00e5let \u00e4r \u201dsoft\u201d. Men spelarna stod f\u00f6r en fantastisk match.<\/p>\n<p>V\u00e4nsterspringaren Daniel Svensson:<\/p>\n<p>\u2013 Det \u00e4r s\u00e5nt som kan h\u00e4nda. Det \u00e4r inget snack, det \u00e4r en klassm\u00e5lvakt, s\u00e4ger Svensson och forts\u00e4tter:<\/p>\n<p>\u2013 Han ska inte beh\u00f6va be om urs\u00e4kt. Han har r\u00e4ddat oss s\u00e5 m\u00e5nga g\u00e5nger, \u00e4ven i dag.<\/p>\n<p>Den andra matchen i Sveriges VM-kvalgrupp, mellan Schweiz och Kosovo, slutade 4\u20130 till Schweiz.<\/p>\n","protected":false},"excerpt":{"rendered":"Publicerad 5 sep 2025 kl 22.38Uppdaterad 6 sep kl 08.02 Sverige tappade sent po\u00e4ng i VM-kvalet mot Slovenien.&hellip;\n","protected":false},"author":2,"featured_media":23438,"comment_status":"","ping_status":"","sticky":false,"template":"","format":"standard","meta":{"footnotes":""},"categories":[5],"tags":[22,23,26,27,17,21,24,25,28,29,15,16,1336,18,34,129,146,31,33,32,30,19,20],"class_list":{"0":"post-23437","1":"post","2":"type-post","3":"status-publish","4":"format-standard","5":"has-post-thumbnail","7":"category-rubriker","8":"tag-breaking-news","9":"tag-breakingnews","10":"tag-featured-news","11":"tag-featurednews","12":"tag-headlines","13":"tag-huvudnyheter","14":"tag-latest-news","15":"tag-latestnews","16":"tag-main-news","17":"tag-mainnews","18":"tag-news","19":"tag-nyheter","20":"tag-organization-sveriges-herrlandslag-i-fotboll","21":"tag-rubriker","22":"tag-se","23":"tag-sections-fotboll","24":"tag-sections-landslaget","25":"tag-svenska","26":"tag-sverige","27":"tag-sweden","28":"tag-swedish","29":"tag-top-stories","30":"tag-topstories"},"share_on_mastodon":{"url":"","error":""},"_links":{"self":[{"href":"https:\/\/www.europesays.com\/se\/wp-json\/wp\/v2\/posts\/23437","targetHints":{"allow":["GET"]}}],"collection":[{"href":"https:\/\/www.europesays.com\/se\/wp-json\/wp\/v2\/posts"}],"about":[{"href":"https:\/\/www.europesays.com\/se\/wp-json\/wp\/v2\/types\/post"}],"author":[{"embeddable":true,"href":"https:\/\/www.europesays.com\/se\/wp-json\/wp\/v2\/users\/2"}],"replies":[{"embeddable":true,"href":"https:\/\/www.europesays.com\/se\/wp-json\/wp\/v2\/comments?post=23437"}],"version-history":[{"count":0,"href":"https:\/\/www.europesays.com\/se\/wp-json\/wp\/v2\/posts\/23437\/revisions"}],"wp:featuredmedia":[{"embeddable":true,"href":"https:\/\/www.europesays.com\/se\/wp-json\/wp\/v2\/media\/23438"}],"wp:attachment":[{"href":"https:\/\/www.europesays.com\/se\/wp-json\/wp\/v2\/media?parent=23437"}],"wp:term":[{"taxonomy":"category","embeddable":true,"href":"https:\/\/www.europesays.com\/se\/wp-json\/wp\/v2\/categories?post=23437"},{"taxonomy":"post_tag","embeddable":true,"href":"https:\/\/www.europesays.com\/se\/wp-json\/wp\/v2\/tags?post=23437"}],"curies":[{"name":"wp","href":"https:\/\/api.w.org\/{rel}","templated":true}]}}