{"id":23439,"date":"2025-09-06T11:55:07","date_gmt":"2025-09-06T11:55:07","guid":{"rendered":"https:\/\/www.europesays.com\/se\/23439\/"},"modified":"2025-09-06T11:55:07","modified_gmt":"2025-09-06T11:55:07","slug":"stjarnspackat-pa-karl-johan-perssons-50-arsfest","status":"publish","type":"post","link":"https:\/\/www.europesays.com\/se\/23439\/","title":{"rendered":"Stj\u00e4rnsp\u00e4ckat p\u00e5 Karl-Johan Perssons 50-\u00e5rsfest"},"content":{"rendered":"<p>Publicerad 6 sep 2025 kl 13.12<\/p>\n<p>Kl\u00e4dkungen Karl-Johan Persson fyller 50.<\/p>\n<p>Det firade han med en storslagen fest p\u00e5 exklusiva Rosendal dit m\u00e5nga k\u00e4ndisar var bjudna.<\/p>\n<p>Bland g\u00e4sterna m\u00e4rktes b\u00e5de kronprinsessan Victoria och prinsessan Madeleine.<\/p>\n<p><img   alt=\"\"\/><\/p>\n<p>Jubilarens pappa Stefan Persson l\u00e4mnar festen.<\/p>\n<p>Foto: Janne Andersson \/ Swepix<\/p>\n<p>\u00d6ppna bild i helsk\u00e4rm<img loading=\"lazy\"   alt=\"\"\/><\/p>\n<p>M\u00e4klaren Andrea Brodin med maken Cedric Notz.<\/p>\n<p>Foto: Janne \u00c5kesson \/ Swepix<\/p>\n<p>\u00d6ppna bild i helsk\u00e4rm<img loading=\"lazy\"   alt=\"\"\/><\/p>\n<p>Anders Timell med frun Charlotte Wiktorsson.<\/p>\n<p>Foto: Janne \u00c5kesson \/ Swepix<\/p>\n<p>\u00d6ppna bild i helsk\u00e4rm<\/p>\n<p>Karl-Johan Persson har tidigare varit vd f\u00f6r H&amp;M och \u00e4r son till tidigare \u00e4garen Stefan Persson. Han \u00e4r f\u00f6r n\u00e4rvarande styrelseordf\u00f6rande f\u00f6r modeimperiet och \u00e4r en av Sveriges rikaste personer d\u00e5 han \u00e4r en av f\u00e5 svenska dollarmiljard\u00e4rer.<\/p>\n<p>Det inneb\u00e4r att han kan kosta p\u00e5 sig ordentliga f\u00f6delsedagsfester \u2013 och det tar han vara p\u00e5 under fredagen. I mars fyllde han 50 men under fredagen bj\u00f6d han in till kalas p\u00e5 Rosendals tr\u00e4dg\u00e5rd p\u00e5 Djurg\u00e5rden i Stockholm.<\/p>\n<p>D\u00e4r blev det k\u00e4ndist\u00e4tt. En av festg\u00e4sterna \u00e4r prinsessan Madeleine, som anl\u00e4nde tidigt till festen if\u00f6rd en elegant guldkl\u00e4nning, med en prislapp p\u00e5 drygt 23 000 kronor. Till s\u00e4llskap har hon maken Chris O&#8217;Neill och n\u00e4ra v\u00e4nnen Louise \u201dLussan\u201d Thott.<\/p>\n<p>Systern \u2013 Sveriges kronprinsessa \u2013 Victoria var ocks\u00e5 p\u00e5 plats, if\u00f6rd en svart kavaj och vida, blomsterprydda byxor.\u00a0<\/p>\n<p>Enligt Aftonbladet repeterade artisterna Petter och Linnea Henriksson p\u00e5 torsdagen inf\u00f6r festen. P\u00e5 Anders Timells Instagramfilm fr\u00e5n festen syns Mauro Scocco riva av \u201dSarah\u201d \u2013 ackompanjerad av g\u00e4sternas rej\u00e4la alls\u00e5ng.\u00a0<\/p>\n<p><img loading=\"lazy\"   alt=\"\"\/><\/p>\n<p>Prinsessan Madeleines ex Jonas Bergstr\u00f6m med frun modeentrepren\u00f6ren Stephanie Bergstr\u00f6m.<\/p>\n<p>Foto: Janne \u00c5kesson \/ Swepix<\/p>\n<p>\u00d6ppna bild i helsk\u00e4rmK\u00e4ndist\u00e4tt<\/p>\n<p>Andra k\u00e4nda g\u00e4ster \u00e4r poddaren och f\u00f6rfattaren Alex Schulman, sk\u00e5despelaren Josephine Bornebusch och Bosse Andersson, sportchef f\u00f6r Djurg\u00e5rden.\u00a0<\/p>\n<p>Jubilarens pappa Stefan Persson ville sj\u00e4lvklart heller inte missa festen. Han var en av de f\u00f6rsta g\u00e4sterna p\u00e5 plats tillsammans med sin fru.\u00a0<\/p>\n<p>Stefan Persson \u00e4r son till H&amp;M:s grundare Erling Persson, som startade f\u00f6retaget 1947.<\/p>\n","protected":false},"excerpt":{"rendered":"Publicerad 6 sep 2025 kl 13.12 Kl\u00e4dkungen Karl-Johan Persson fyller 50. Det firade han med en storslagen fest&hellip;\n","protected":false},"author":2,"featured_media":23440,"comment_status":"","ping_status":"","sticky":false,"template":"","format":"standard","meta":{"footnotes":""},"categories":[67],"tags":[104,34,612,31,33,32,30,105],"class_list":{"0":"post-23439","1":"post","2":"type-post","3":"status-publish","4":"format-standard","5":"has-post-thumbnail","7":"category-underhallning","8":"tag-entertainment","9":"tag-se","10":"tag-sections-kungligt","11":"tag-svenska","12":"tag-sverige","13":"tag-sweden","14":"tag-swedish","15":"tag-underhallning"},"share_on_mastodon":{"url":"","error":""},"_links":{"self":[{"href":"https:\/\/www.europesays.com\/se\/wp-json\/wp\/v2\/posts\/23439","targetHints":{"allow":["GET"]}}],"collection":[{"href":"https:\/\/www.europesays.com\/se\/wp-json\/wp\/v2\/posts"}],"about":[{"href":"https:\/\/www.europesays.com\/se\/wp-json\/wp\/v2\/types\/post"}],"author":[{"embeddable":true,"href":"https:\/\/www.europesays.com\/se\/wp-json\/wp\/v2\/users\/2"}],"replies":[{"embeddable":true,"href":"https:\/\/www.europesays.com\/se\/wp-json\/wp\/v2\/comments?post=23439"}],"version-history":[{"count":0,"href":"https:\/\/www.europesays.com\/se\/wp-json\/wp\/v2\/posts\/23439\/revisions"}],"wp:featuredmedia":[{"embeddable":true,"href":"https:\/\/www.europesays.com\/se\/wp-json\/wp\/v2\/media\/23440"}],"wp:attachment":[{"href":"https:\/\/www.europesays.com\/se\/wp-json\/wp\/v2\/media?parent=23439"}],"wp:term":[{"taxonomy":"category","embeddable":true,"href":"https:\/\/www.europesays.com\/se\/wp-json\/wp\/v2\/categories?post=23439"},{"taxonomy":"post_tag","embeddable":true,"href":"https:\/\/www.europesays.com\/se\/wp-json\/wp\/v2\/tags?post=23439"}],"curies":[{"name":"wp","href":"https:\/\/api.w.org\/{rel}","templated":true}]}}