{"id":234455,"date":"2026-05-02T06:42:18","date_gmt":"2026-05-02T06:42:18","guid":{"rendered":"https:\/\/www.europesays.com\/se\/234455\/"},"modified":"2026-05-02T06:42:18","modified_gmt":"2026-05-02T06:42:18","slug":"sa-gar-mordet-i-forradarna-till","status":"publish","type":"post","link":"https:\/\/www.europesays.com\/se\/234455\/","title":{"rendered":"S\u00e5 g\u00e5r \u201dmordet\u201d i F\u00f6rr\u00e4darna till"},"content":{"rendered":"<p>Uppdaterad 1 maj 2026 kl 06.29Publicerad 1 maj 2026 kl 06.00<\/p>\n<p>Spelet i \u201dF\u00f6rr\u00e4darna\u201d fick Johan K\u00fcc\u00fckaslan att stundtals undra om han hittat p\u00e5 saker. I torsdagens avsnitt hamnar han i konflikt med Gunnar Ekman, som han menar har planerat ryktet om att Bibbi R\u00f6d\u00f6\u00f6 var f\u00f6rr\u00e4dare.\u00a0<\/p>\n<p>Men, det \u00e4r inte bara spelet som p\u00e5verkar. \u00c4ven rutinen kring \u201dmorden\u201d satte griller i deltagarnas huvud. Och nu avsl\u00f6jas det hur de egentligen g\u00e5r till.<\/p>\n<p>\u2013 Man blev helt tokig i huvudet, s\u00e4ger Johan K\u00fcc\u00fckaslan<\/p>\n<p>\u201dBehind the scenes\u201d med Ellinor Saari \u2022 G\u00e4st i programmet: Johan K\u00fcc\u00fckaslan<\/p>\n","protected":false},"excerpt":{"rendered":"Uppdaterad 1 maj 2026 kl 06.29Publicerad 1 maj 2026 kl 06.00 Spelet i \u201dF\u00f6rr\u00e4darna\u201d fick Johan K\u00fcc\u00fckaslan att&hellip;\n","protected":false},"author":2,"featured_media":234456,"comment_status":"","ping_status":"","sticky":false,"template":"","format":"standard","meta":{"footnotes":"","_share_on_mastodon":"0"},"categories":[67],"tags":[104,35,17646,4034,34,17892,31,33,32,30,646,105],"class_list":["post-234455","post","type-post","status-publish","format-standard","has-post-thumbnail","category-underhallning","tag-entertainment","tag-function-ta-bort-ai-rost","tag-organization-bts-vodd","tag-organization-forradarna","tag-se","tag-sections-behind-the-scenes","tag-svenska","tag-sverige","tag-sweden","tag-swedish","tag-topic-tv-serier","tag-underhallning"],"share_on_mastodon":{"url":"https:\/\/pubeurope.com\/@se\/116503625405158518","error":""},"_links":{"self":[{"href":"https:\/\/www.europesays.com\/se\/wp-json\/wp\/v2\/posts\/234455","targetHints":{"allow":["GET"]}}],"collection":[{"href":"https:\/\/www.europesays.com\/se\/wp-json\/wp\/v2\/posts"}],"about":[{"href":"https:\/\/www.europesays.com\/se\/wp-json\/wp\/v2\/types\/post"}],"author":[{"embeddable":true,"href":"https:\/\/www.europesays.com\/se\/wp-json\/wp\/v2\/users\/2"}],"replies":[{"embeddable":true,"href":"https:\/\/www.europesays.com\/se\/wp-json\/wp\/v2\/comments?post=234455"}],"version-history":[{"count":0,"href":"https:\/\/www.europesays.com\/se\/wp-json\/wp\/v2\/posts\/234455\/revisions"}],"wp:featuredmedia":[{"embeddable":true,"href":"https:\/\/www.europesays.com\/se\/wp-json\/wp\/v2\/media\/234456"}],"wp:attachment":[{"href":"https:\/\/www.europesays.com\/se\/wp-json\/wp\/v2\/media?parent=234455"}],"wp:term":[{"taxonomy":"category","embeddable":true,"href":"https:\/\/www.europesays.com\/se\/wp-json\/wp\/v2\/categories?post=234455"},{"taxonomy":"post_tag","embeddable":true,"href":"https:\/\/www.europesays.com\/se\/wp-json\/wp\/v2\/tags?post=234455"}],"curies":[{"name":"wp","href":"https:\/\/api.w.org\/{rel}","templated":true}]}}