{"id":23492,"date":"2025-09-06T14:30:26","date_gmt":"2025-09-06T14:30:26","guid":{"rendered":"https:\/\/www.europesays.com\/se\/23492\/"},"modified":"2025-09-06T14:30:26","modified_gmt":"2025-09-06T14:30:26","slug":"luleas-emma-nordin-fick-trojan-hissad-i-taket","status":"publish","type":"post","link":"https:\/\/www.europesays.com\/se\/23492\/","title":{"rendered":"Lule\u00e5s Emma Nordin fick tr\u00f6jan hissad i taket"},"content":{"rendered":"<p><strong>Emma Nordin, 34, fick sin Lule\u00e5-tr\u00f6ja hissad p\u00e5 fredagen.<br \/>Legendaren hyllades stort av publiken i Coop Norrbotten Arena.<br \/>\u2013  I dag var det jag som fick den stora \u00e4ran att vara symbol f\u00f6r det vi tillsammans har \u00e5stadkommit. Det k\u00e4nns d\u00e4rf\u00f6r extra speciellt att s\u00e5 m\u00e5nga spelare och ledare \u00e4r p\u00e5 plats ikv\u00e4ll och delar den h\u00e4r stunden med mig, s\u00e4ger hon i sitt tal.<\/strong><\/p>\n<p><img loading=\"lazy\" decoding=\"async\" width=\"1024\" height=\"658\" src=\"https:\/\/www.europesays.com\/se\/wp-content\/uploads\/2025\/09\/Nytt-projekt-6-2-1024x658.webp.webp\" alt=\"\" class=\"wp-image-301797\"  \/>Emma Nordin hyllades av supportrarna.<br \/>Foto: Bildbyr\u00e5n<\/p>\n<p>Premi\u00e4ren i <a href=\"https:\/\/hockeysverige.se\/sdhl\" rel=\"nofollow noopener\" target=\"_blank\">SDHL<\/a> mellan <a href=\"https:\/\/hockeysverige.se\/klubb\/lulea-damlag\" rel=\"nofollow noopener\" target=\"_blank\">Lule\u00e5<\/a> och <a href=\"https:\/\/hockeysverige.se\/klubb\/frolunda-hc-dam\" rel=\"nofollow noopener\" target=\"_blank\">Fr\u00f6lunda<\/a> var laddad av m\u00e5nga anledningar.<\/p>\n<p>Det var svensk damhockeys tv\u00e5 finallag som skulle m\u00f6tas direkt i inledningen av den nya s\u00e4songen. Men ocks\u00e5 f\u00f6r att det var jubileum f\u00f6r Lule\u00e5 Hockeys damsektion, som fyller tio \u00e5r.<\/p>\n<p>\u201dDu har varit en viktig grundsten\u201d<\/p>\n<p>D\u00e5 passade f\u00f6reningen p\u00e5 att hylla en spelare som varit med under hela resan. Emma Nordin, 34, fick sin tr\u00f6ja hissad i taket.<\/p>\n<p>Under ceremonin motiverade Lule\u00e5 Hockeys styrelseordf\u00f6rande Ann-Christin Viklund varf\u00f6r just Nordins tr\u00f6ja skulle hissas i taket.<\/p>\n<p>\u2013\u00a0Du \u00e4r ambassad\u00f6ren och f\u00f6rebilden samt inspirat\u00f6ren, och hur du \u00f6dmjukt alltid st\u00e4ller upp och m\u00f6ter barnens dr\u00f6mmar med ett v\u00e4lkomnande leende. Du har d\u00e4rf\u00f6r ocks\u00e5 varit ett viktig grundsten i att bygga m\u00f6jligheter f\u00f6r svensk damhockey. F\u00f6r Lule\u00e5 Hockey var du en genuin guldmakare med hela sex SM-guld i klubben, s\u00e4ger hon.<\/p>\n<p><img loading=\"lazy\" decoding=\"async\" width=\"1024\" height=\"658\" src=\"https:\/\/www.europesays.com\/se\/wp-content\/uploads\/2025\/09\/Nytt-projekt-7-2-1024x658.webp.webp\" alt=\"\" class=\"wp-image-301798\"  \/>Nordins tr\u00f6ja hissad i taket.<br \/>Foto: Bildbyr\u00e5n<\/p>\n<p>Nordins ord: \u201dFr\u00e5n i dag skrivs ny historia\u201d<\/p>\n<p>Vid ceremonin n\u00e4rvarade Jan Sandstr\u00f6m, Roger \u00c5kerstr\u00f6m och Stefan \u201dSkuggan\u201d Nilsson, som alla har varsin tr\u00f6ja i taket redan.<\/p>\n<p>Emma Nordin h\u00f6ll sj\u00e4lv ett tal f\u00f6r publiken, det m\u00e4rktes att hon var ber\u00f6rd.<\/p>\n<p>\u2013 F\u00f6r tio \u00e5r sedan startade vi en resa som vuxit till historia. F\u00f6r tio \u00e5r sedan kunde ingen av oss dr\u00f6mma om att den h\u00e4r kv\u00e4llen kunde komma. Fr\u00e5n i dag skrivs ny historia. I dag var det jag som fick den stora \u00e4ran att vara symbol f\u00f6r det vi tillsammans har \u00e5stadkommit. Det k\u00e4nns d\u00e4rf\u00f6r extra speciellt att s\u00e5 m\u00e5nga spelare och ledare \u00e4r p\u00e5 plats ikv\u00e4ll och delar den h\u00e4r stunden med mig. F\u00f6r utan er hade den h\u00e4r kv\u00e4llen aldrig varit m\u00f6jlig.\u00a0<\/p>\n<p>Efter tr\u00f6jhissningen kramades hon om av lagkamrater och Fr\u00f6lundas kapten Hanna Olsson.<\/p>\n","protected":false},"excerpt":{"rendered":"Emma Nordin, 34, fick sin Lule\u00e5-tr\u00f6ja hissad p\u00e5 fredagen.Legendaren hyllades stort av publiken i Coop Norrbotten Arena.\u2013 I&hellip;\n","protected":false},"author":2,"featured_media":23493,"comment_status":"","ping_status":"","sticky":false,"template":"","format":"standard","meta":{"footnotes":""},"categories":[68],"tags":[1016,34,133,111,110,31,33,32,30],"class_list":{"0":"post-23492","1":"post","2":"type-post","3":"status-publish","4":"format-standard","5":"has-post-thumbnail","7":"category-sport","8":"tag-sdhl","9":"tag-se","10":"tag-second-news","11":"tag-sport","12":"tag-sports","13":"tag-svenska","14":"tag-sverige","15":"tag-sweden","16":"tag-swedish"},"share_on_mastodon":{"url":"","error":""},"_links":{"self":[{"href":"https:\/\/www.europesays.com\/se\/wp-json\/wp\/v2\/posts\/23492","targetHints":{"allow":["GET"]}}],"collection":[{"href":"https:\/\/www.europesays.com\/se\/wp-json\/wp\/v2\/posts"}],"about":[{"href":"https:\/\/www.europesays.com\/se\/wp-json\/wp\/v2\/types\/post"}],"author":[{"embeddable":true,"href":"https:\/\/www.europesays.com\/se\/wp-json\/wp\/v2\/users\/2"}],"replies":[{"embeddable":true,"href":"https:\/\/www.europesays.com\/se\/wp-json\/wp\/v2\/comments?post=23492"}],"version-history":[{"count":0,"href":"https:\/\/www.europesays.com\/se\/wp-json\/wp\/v2\/posts\/23492\/revisions"}],"wp:featuredmedia":[{"embeddable":true,"href":"https:\/\/www.europesays.com\/se\/wp-json\/wp\/v2\/media\/23493"}],"wp:attachment":[{"href":"https:\/\/www.europesays.com\/se\/wp-json\/wp\/v2\/media?parent=23492"}],"wp:term":[{"taxonomy":"category","embeddable":true,"href":"https:\/\/www.europesays.com\/se\/wp-json\/wp\/v2\/categories?post=23492"},{"taxonomy":"post_tag","embeddable":true,"href":"https:\/\/www.europesays.com\/se\/wp-json\/wp\/v2\/tags?post=23492"}],"curies":[{"name":"wp","href":"https:\/\/api.w.org\/{rel}","templated":true}]}}