{"id":234980,"date":"2026-05-02T20:09:09","date_gmt":"2026-05-02T20:09:09","guid":{"rendered":"https:\/\/www.europesays.com\/se\/234980\/"},"modified":"2026-05-02T20:09:09","modified_gmt":"2026-05-02T20:09:09","slug":"sekretess-blir-ett-hinder-for-vara-barns-vard","status":"publish","type":"post","link":"https:\/\/www.europesays.com\/se\/234980\/","title":{"rendered":"Sekretess blir ett hinder f\u00f6r v\u00e5ra barns v\u00e5rd"},"content":{"rendered":"<p>F\u00f6r m\u00e5nga vuxna som lider av psykisk sjukdom blir sekretessen ett hinder f\u00f6r v\u00e5rd, snarare \u00e4n ett skydd, skriver fyra f\u00f6r\u00e4ldrar i SvD Debatt, d\u00e4r de efterlyser en mer flexibel till\u00e4mpning av sekretesslagen.<\/p>\n<p>De skriver att sjukdomen inneb\u00e4r att deras vuxna barn periodvis saknar f\u00f6rm\u00e5gan att ta hand om saker som medicinering, ekonomi, boende och v\u00e5rdkontakt. Samtidigt f\u00f6rv\u00e4ntas de ta fullt ansvar och initiera och samordna sina v\u00e5rdkontakter. <\/p>\n<p>I praktiken inneb\u00e4r det att en stor del av ansvaret l\u00e4ggs p\u00e5 f\u00f6r\u00e4ldrarna. Men gruppen upplever att v\u00e5rden ofta h\u00e4nvisar till att \u201dinget kan g\u00f6ras\u201d om inte patienten sj\u00e4lv samtycker. Det blir problematiskt n\u00e4r funktionsf\u00f6rm\u00e5gan \u00e4r uppenbart nedsatt och riskerna f\u00f6r allvarlig f\u00f6rs\u00e4mring \u00e4r stora, skriver de.<\/p>\n<p>\u201dDet handlar inte om att ta ifr\u00e5n v\u00e5ra vuxna barn deras r\u00e4ttigheter, utan om att s\u00e4kerst\u00e4lla att de f\u00e5r den v\u00e5rd och det st\u00f6d de beh\u00f6ver \u2013 i r\u00e4tt tid\u201d, skriver de.<\/p>\n<p>Omni \u00e4r politiskt obundna och oberoende. Vi str\u00e4var efter att ge fler perspektiv p\u00e5 nyheterna. Har du fr\u00e5gor eller synpunkter kring v\u00e5r rapportering? <a href=\"https:\/\/omni.se\/foraldrar-sekretess-blir-ett-hinder-for-vara-barns-vard\/a\/mailto:redaktion@omni.se\" class=\"ArticleActions-module-scss-module__w9u9BG__contactLink\" rel=\"nofollow noopener\" target=\"_blank\">Kontakta redaktionen<\/a><\/p>\n","protected":false},"excerpt":{"rendered":"F\u00f6r m\u00e5nga vuxna som lider av psykisk sjukdom blir sekretessen ett hinder f\u00f6r v\u00e5rd, snarare \u00e4n ett skydd,&hellip;\n","protected":false},"author":2,"featured_media":234981,"comment_status":"","ping_status":"","sticky":false,"template":"","format":"standard","meta":{"footnotes":"","_share_on_mastodon":"0"},"categories":[69],"tags":[445,113,112,3744,34,31,33,32,30,330],"class_list":["post-234980","post","type-post","status-publish","format-standard","has-post-thumbnail","category-halsa","tag-debatt","tag-halsa","tag-health","tag-psykisk-halsa","tag-se","tag-svenska","tag-sverige","tag-sweden","tag-swedish","tag-vard-omsorg"],"share_on_mastodon":{"url":"","error":""},"_links":{"self":[{"href":"https:\/\/www.europesays.com\/se\/wp-json\/wp\/v2\/posts\/234980","targetHints":{"allow":["GET"]}}],"collection":[{"href":"https:\/\/www.europesays.com\/se\/wp-json\/wp\/v2\/posts"}],"about":[{"href":"https:\/\/www.europesays.com\/se\/wp-json\/wp\/v2\/types\/post"}],"author":[{"embeddable":true,"href":"https:\/\/www.europesays.com\/se\/wp-json\/wp\/v2\/users\/2"}],"replies":[{"embeddable":true,"href":"https:\/\/www.europesays.com\/se\/wp-json\/wp\/v2\/comments?post=234980"}],"version-history":[{"count":0,"href":"https:\/\/www.europesays.com\/se\/wp-json\/wp\/v2\/posts\/234980\/revisions"}],"wp:featuredmedia":[{"embeddable":true,"href":"https:\/\/www.europesays.com\/se\/wp-json\/wp\/v2\/media\/234981"}],"wp:attachment":[{"href":"https:\/\/www.europesays.com\/se\/wp-json\/wp\/v2\/media?parent=234980"}],"wp:term":[{"taxonomy":"category","embeddable":true,"href":"https:\/\/www.europesays.com\/se\/wp-json\/wp\/v2\/categories?post=234980"},{"taxonomy":"post_tag","embeddable":true,"href":"https:\/\/www.europesays.com\/se\/wp-json\/wp\/v2\/tags?post=234980"}],"curies":[{"name":"wp","href":"https:\/\/api.w.org\/{rel}","templated":true}]}}