{"id":23502,"date":"2025-09-06T15:00:08","date_gmt":"2025-09-06T15:00:08","guid":{"rendered":"https:\/\/www.europesays.com\/se\/23502\/"},"modified":"2025-09-06T15:00:08","modified_gmt":"2025-09-06T15:00:08","slug":"svensken-domarna-ger-nba-stjarnor-fordelar","status":"publish","type":"post","link":"https:\/\/www.europesays.com\/se\/23502\/","title":{"rendered":"Svensken: Domarna ger NBA-stj\u00e4rnor f\u00f6rdelar"},"content":{"rendered":"<p>Simon Birgander gjorde en j\u00e4ttematch n\u00e4r Sverige s\u00e5n\u00e4r besegrade Turkiet i \u00e5ttondelsfinalen i basket-EM. Efter\u00e5t riktade han h\u00e5rd kritik mot domarna som han anser har f\u00f6rf\u00f6rdelat Sverige under hela turneringen.<\/p>\n<p>\u2013 Jag \u00e4r otroligt tr\u00f6tt p\u00e5 domarna, s\u00e4ger han till SVT.<\/p>\n<p>Han syftade framf\u00f6r allt p\u00e5 en avg\u00f6rande situation i matchens slutskede. Houston Rockets Alperen Seng\u00fcn sprang \u00f6ver svensken Denzel Anderson och foulade ut sig. Men domarna \u00e5ngrade domslutet och i\u202fst\u00e4llet blev det Anderson som fick lomma till b\u00e4nken.<\/p>\n<p>\u2013 Man kan inte bl\u00e5sa bara f\u00f6r att det \u00e4r en NBA-stj\u00e4rna, s\u00e4ger Birgander.<\/p>\n<p>Omni \u00e4r politiskt obundna och oberoende. Vi str\u00e4var efter att ge fler perspektiv p\u00e5 nyheterna. Har du fr\u00e5gor eller synpunkter kring v\u00e5r rapportering? <a href=\"https:\/\/omni.se\/svenska-stjarnan-domarna-ger-nba-stjarnor-fordelar\/a\/mailto:redaktion@omni.se\" class=\"ArticleActions_contactLink__W2F1M\" rel=\"nofollow noopener\" target=\"_blank\">Kontakta redaktionen<\/a><\/p>\n","protected":false},"excerpt":{"rendered":"Simon Birgander gjorde en j\u00e4ttematch n\u00e4r Sverige s\u00e5n\u00e4r besegrade Turkiet i \u00e5ttondelsfinalen i basket-EM. Efter\u00e5t riktade han h\u00e5rd&hellip;\n","protected":false},"author":2,"featured_media":23503,"comment_status":"","ping_status":"","sticky":false,"template":"","format":"standard","meta":{"footnotes":""},"categories":[5],"tags":[2256,22,23,26,27,17,2725,21,24,25,28,29,15,16,18,34,31,33,32,30,19,20],"class_list":{"0":"post-23502","1":"post","2":"type-post","3":"status-publish","4":"format-standard","5":"has-post-thumbnail","7":"category-rubriker","8":"tag-basket","9":"tag-breaking-news","10":"tag-breakingnews","11":"tag-featured-news","12":"tag-featurednews","13":"tag-headlines","14":"tag-herrlandslaget-i-basket","15":"tag-huvudnyheter","16":"tag-latest-news","17":"tag-latestnews","18":"tag-main-news","19":"tag-mainnews","20":"tag-news","21":"tag-nyheter","22":"tag-rubriker","23":"tag-se","24":"tag-svenska","25":"tag-sverige","26":"tag-sweden","27":"tag-swedish","28":"tag-top-stories","29":"tag-topstories"},"share_on_mastodon":{"url":"","error":""},"_links":{"self":[{"href":"https:\/\/www.europesays.com\/se\/wp-json\/wp\/v2\/posts\/23502","targetHints":{"allow":["GET"]}}],"collection":[{"href":"https:\/\/www.europesays.com\/se\/wp-json\/wp\/v2\/posts"}],"about":[{"href":"https:\/\/www.europesays.com\/se\/wp-json\/wp\/v2\/types\/post"}],"author":[{"embeddable":true,"href":"https:\/\/www.europesays.com\/se\/wp-json\/wp\/v2\/users\/2"}],"replies":[{"embeddable":true,"href":"https:\/\/www.europesays.com\/se\/wp-json\/wp\/v2\/comments?post=23502"}],"version-history":[{"count":0,"href":"https:\/\/www.europesays.com\/se\/wp-json\/wp\/v2\/posts\/23502\/revisions"}],"wp:featuredmedia":[{"embeddable":true,"href":"https:\/\/www.europesays.com\/se\/wp-json\/wp\/v2\/media\/23503"}],"wp:attachment":[{"href":"https:\/\/www.europesays.com\/se\/wp-json\/wp\/v2\/media?parent=23502"}],"wp:term":[{"taxonomy":"category","embeddable":true,"href":"https:\/\/www.europesays.com\/se\/wp-json\/wp\/v2\/categories?post=23502"},{"taxonomy":"post_tag","embeddable":true,"href":"https:\/\/www.europesays.com\/se\/wp-json\/wp\/v2\/tags?post=23502"}],"curies":[{"name":"wp","href":"https:\/\/api.w.org\/{rel}","templated":true}]}}