{"id":235582,"date":"2026-05-03T14:36:23","date_gmt":"2026-05-03T14:36:23","guid":{"rendered":"https:\/\/www.europesays.com\/se\/235582\/"},"modified":"2026-05-03T14:36:23","modified_gmt":"2026-05-03T14:36:23","slug":"barn-skadade-i-osterrike-granat-fran-kriget-sprangdes","status":"publish","type":"post","link":"https:\/\/www.europesays.com\/se\/235582\/","title":{"rendered":"Barn skadade i \u00d6sterrike \u2013 granat fr\u00e5n kriget spr\u00e4ngdes"},"content":{"rendered":"<p>Fem barn i \u00e5ldrarna tio till 14 \u00e5r skadades efter att ett f\u00f6rem\u00e5l fr\u00e5n andra v\u00e4rldskriget pl\u00f6tsligt exploderade n\u00e4ra Freistadt v\u00e4ster om Wien, rapporterar \u00f6sterrikiska Kronen Zeitung.<\/p>\n<p>Barnen var deltagare p\u00e5 ett ungdomsl\u00e4ger, och satt runt l\u00e4gerelden n\u00e4r explosionen intr\u00e4ffade p\u00e5 l\u00f6rdagskv\u00e4llen. Den orsakades troligen av ett krigsf\u00f6rem\u00e5l som l\u00e5g under eldstaden. N\u00e4r polisen genoms\u00f6kte eldstaden uppt\u00e4ckte de en gev\u00e4rsgranat fr\u00e5n andra v\u00e4rldskriget. <\/p>\n<p>De vuxna l\u00e4gerledarna b\u00f6rjade omedelbart f\u00f6rs\u00f6ka sl\u00e4cka elden.<\/p>\n<p>Barnen f\u00f6rdes till sjukhus i ambulans. De kunde l\u00e4mna sjukhuset redan samma kv\u00e4ll.<\/p>\n<p>Omni \u00e4r politiskt obundna och oberoende. Vi str\u00e4var efter att ge fler perspektiv p\u00e5 nyheterna. Har du fr\u00e5gor eller synpunkter kring v\u00e5r rapportering? <a href=\"https:\/\/omni.se\/barn-skadade-i-osterrike-granat-fran-kriget-sprangdes\/a\/mailto:redaktion@omni.se\" class=\"ArticleActions-module-scss-module__w9u9BG__contactLink\" rel=\"nofollow noopener\" target=\"_blank\">Kontakta redaktionen<\/a><\/p>\n","protected":false},"excerpt":{"rendered":"Fem barn i \u00e5ldrarna tio till 14 \u00e5r skadades efter att ett f\u00f6rem\u00e5l fr\u00e5n andra v\u00e4rldskriget pl\u00f6tsligt exploderade&hellip;\n","protected":false},"author":2,"featured_media":235583,"comment_status":"","ping_status":"","sticky":false,"template":"","format":"standard","meta":{"footnotes":"","_share_on_mastodon":"0"},"categories":[5],"tags":[2201,22,23,267,26,27,17,21,24,25,28,29,15,16,5178,18,34,31,33,32,30,19,20],"class_list":["post-235582","post","type-post","status-publish","format-standard","has-post-thumbnail","category-rubriker","tag-andra-varldskriget","tag-breaking-news","tag-breakingnews","tag-europa","tag-featured-news","tag-featurednews","tag-headlines","tag-huvudnyheter","tag-latest-news","tag-latestnews","tag-main-news","tag-mainnews","tag-news","tag-nyheter","tag-osterrike","tag-rubriker","tag-se","tag-svenska","tag-sverige","tag-sweden","tag-swedish","tag-top-stories","tag-topstories"],"share_on_mastodon":{"url":"https:\/\/pubeurope.com\/@se\/116511151671520567","error":""},"_links":{"self":[{"href":"https:\/\/www.europesays.com\/se\/wp-json\/wp\/v2\/posts\/235582","targetHints":{"allow":["GET"]}}],"collection":[{"href":"https:\/\/www.europesays.com\/se\/wp-json\/wp\/v2\/posts"}],"about":[{"href":"https:\/\/www.europesays.com\/se\/wp-json\/wp\/v2\/types\/post"}],"author":[{"embeddable":true,"href":"https:\/\/www.europesays.com\/se\/wp-json\/wp\/v2\/users\/2"}],"replies":[{"embeddable":true,"href":"https:\/\/www.europesays.com\/se\/wp-json\/wp\/v2\/comments?post=235582"}],"version-history":[{"count":0,"href":"https:\/\/www.europesays.com\/se\/wp-json\/wp\/v2\/posts\/235582\/revisions"}],"wp:featuredmedia":[{"embeddable":true,"href":"https:\/\/www.europesays.com\/se\/wp-json\/wp\/v2\/media\/235583"}],"wp:attachment":[{"href":"https:\/\/www.europesays.com\/se\/wp-json\/wp\/v2\/media?parent=235582"}],"wp:term":[{"taxonomy":"category","embeddable":true,"href":"https:\/\/www.europesays.com\/se\/wp-json\/wp\/v2\/categories?post=235582"},{"taxonomy":"post_tag","embeddable":true,"href":"https:\/\/www.europesays.com\/se\/wp-json\/wp\/v2\/tags?post=235582"}],"curies":[{"name":"wp","href":"https:\/\/api.w.org\/{rel}","templated":true}]}}