{"id":236360,"date":"2026-05-04T10:04:26","date_gmt":"2026-05-04T10:04:26","guid":{"rendered":"https:\/\/www.europesays.com\/se\/236360\/"},"modified":"2026-05-04T10:04:26","modified_gmt":"2026-05-04T10:04:26","slug":"svensk-man-doms-for-folkrattsbrott-i-syrien","status":"publish","type":"post","link":"https:\/\/www.europesays.com\/se\/236360\/","title":{"rendered":"Svensk man d\u00f6ms f\u00f6r folkr\u00e4ttsbrott i Syrien"},"content":{"rendered":"<p>En 55-\u00e5rig svensk medborgare d\u00f6ms till livstids f\u00e4ngelse f\u00f6r tv\u00e5 fall av grova folkr\u00e4ttsbrott i Syrien, meddelar Solna tingsr\u00e4tt. <\/p>\n<p>Brotten ska ha beg\u00e5tts under den bev\u00e4pnade konflikten i Syrien f\u00f6r \u00f6ver tio \u00e5r sedan. Mannen ska dels ha skjutit mot demonstranter och civila i en f\u00f6rort till Damaskus 2012. Dels ska han ha gripit och f\u00f6rt bort ett stort antal civila vid en av regimens v\u00e4gsp\u00e4rrar 2013. R\u00e4tten anser att han varit medveten om att syftet var att dessa personer sedan skulle torteras och i vissa fall ber\u00f6vas livet.<\/p>\n<p>F\u00f6rutom f\u00e4ngelsestraffet ska mannen ocks\u00e5 betala skadest\u00e5nd till anh\u00f6riga till de som sk\u00f6ts till d\u00f6ds vid demonstrationen, samt till de som skadades i skjutningen och greps vid v\u00e4gsp\u00e4rren. <\/p>\n<p>Omni \u00e4r politiskt obundna och oberoende. Vi str\u00e4var efter att ge fler perspektiv p\u00e5 nyheterna. Har du fr\u00e5gor eller synpunkter kring v\u00e5r rapportering? <a href=\"https:\/\/omni.se\/man-doms-for-folkrattsbrott-i-syrien\/a\/mailto:redaktion@omni.se\" class=\"ArticleActions-module-scss-module__w9u9BG__contactLink\" rel=\"nofollow noopener\" target=\"_blank\">Kontakta redaktionen<\/a><\/p>\n","protected":false},"excerpt":{"rendered":"En 55-\u00e5rig svensk medborgare d\u00f6ms till livstids f\u00e4ngelse f\u00f6r tv\u00e5 fall av grova folkr\u00e4ttsbrott i Syrien, meddelar Solna&hellip;\n","protected":false},"author":2,"featured_media":236361,"comment_status":"","ping_status":"","sticky":false,"template":"","format":"standard","meta":{"footnotes":"","_share_on_mastodon":"0"},"categories":[14],"tags":[22,23,128,26,27,17,21,24,25,28,29,124,15,16,18,34,31,33,32,30,4251,19,20,51,52,53,54],"class_list":["post-236360","post","type-post","status-publish","format-standard","has-post-thumbnail","category-varlden","tag-breaking-news","tag-breakingnews","tag-brott","tag-featured-news","tag-featurednews","tag-headlines","tag-huvudnyheter","tag-latest-news","tag-latestnews","tag-main-news","tag-mainnews","tag-mellanostern","tag-news","tag-nyheter","tag-rubriker","tag-se","tag-svenska","tag-sverige","tag-sweden","tag-swedish","tag-syrien","tag-top-stories","tag-topstories","tag-varlden","tag-world","tag-world-news","tag-worldnews"],"share_on_mastodon":{"url":"https:\/\/pubeurope.com\/@se\/116515744370754654","error":""},"_links":{"self":[{"href":"https:\/\/www.europesays.com\/se\/wp-json\/wp\/v2\/posts\/236360","targetHints":{"allow":["GET"]}}],"collection":[{"href":"https:\/\/www.europesays.com\/se\/wp-json\/wp\/v2\/posts"}],"about":[{"href":"https:\/\/www.europesays.com\/se\/wp-json\/wp\/v2\/types\/post"}],"author":[{"embeddable":true,"href":"https:\/\/www.europesays.com\/se\/wp-json\/wp\/v2\/users\/2"}],"replies":[{"embeddable":true,"href":"https:\/\/www.europesays.com\/se\/wp-json\/wp\/v2\/comments?post=236360"}],"version-history":[{"count":0,"href":"https:\/\/www.europesays.com\/se\/wp-json\/wp\/v2\/posts\/236360\/revisions"}],"wp:featuredmedia":[{"embeddable":true,"href":"https:\/\/www.europesays.com\/se\/wp-json\/wp\/v2\/media\/236361"}],"wp:attachment":[{"href":"https:\/\/www.europesays.com\/se\/wp-json\/wp\/v2\/media?parent=236360"}],"wp:term":[{"taxonomy":"category","embeddable":true,"href":"https:\/\/www.europesays.com\/se\/wp-json\/wp\/v2\/categories?post=236360"},{"taxonomy":"post_tag","embeddable":true,"href":"https:\/\/www.europesays.com\/se\/wp-json\/wp\/v2\/tags?post=236360"}],"curies":[{"name":"wp","href":"https:\/\/api.w.org\/{rel}","templated":true}]}}