{"id":236611,"date":"2026-05-04T14:10:29","date_gmt":"2026-05-04T14:10:29","guid":{"rendered":"https:\/\/www.europesays.com\/se\/236611\/"},"modified":"2026-05-04T14:10:29","modified_gmt":"2026-05-04T14:10:29","slug":"maten-blev-billigare-i-april-bryggkaffe-sticker-ut","status":"publish","type":"post","link":"https:\/\/www.europesays.com\/se\/236611\/","title":{"rendered":"Maten blev billigare i april \u2013 bryggkaffe sticker ut"},"content":{"rendered":"<p>Uppdaterad 4 maj 2026 kl 09.05Publicerad 4 maj 2026 kl 07.07<\/p>\n<p>Matpriserna fortsatte att sjunka under april.\u00a0<\/p>\n<p>Bryggkaffe \u00e4r en av varorna som sticker ut d\u00e4r priset sj\u00f6nk med 8 procent. Priset p\u00e5 n\u00f6tk\u00f6tt fortsatte att stiga, enligt sajten Matpriskollen.<\/p>\n<p>Senaste nyhetsklippen fr\u00e5n Expressen.<img   alt=\"\"\/><\/p>\n<p>Ordinariepriserna p\u00e5 dagligvaror f\u00f6ll med 0,3 procent under april, enligt Matpriskollen.<\/p>\n<p>Foto: Chris Anderson \/ TT NYHETSBYR\u00c5N<\/p>\n<p>\u00d6ppna bild i helsk\u00e4rm<img loading=\"lazy\"   alt=\"\"\/><\/p>\n<p>Bryggkaffe \u00e4r en av varorna som sticker ut.<\/p>\n<p>Foto: JOHAN NILSSON \/ TT NYHETSBYR\u00c5N<\/p>\n<p>\u00d6ppna bild i helsk\u00e4rm<\/p>\n<p>Totalt f\u00f6ll ordinariepriserna p\u00e5 dagligvaror med 0,3 procent under april. Priserna p\u00e5 frukt och b\u00e4r sj\u00f6nk med 1,1 procent, drivet av rabarber, jordgubbar, persika och avokado som alla blev minst 5 procent billigare.\u00a0<\/p>\n<p>Enligt Matpriskollen har momss\u00e4nkningen gett effekt. Deras analys visar att alla de stora dagligvarukedjorna har s\u00e4nkt sina priser i enlighet med den nya momssatsen.<\/p>\n<p>\u201dF\u00f6r en genomsnittlig svensk barnfamilj inneb\u00e4r detta en m\u00e4rkbar l\u00e4ttnad i den m\u00e5natliga matbudgeten med cirka 500 kronor.\u201d, uppger Ulf Mazur, vd f\u00f6r Matpriskollen, i ett pressmeddelande.<\/p>\n","protected":false},"excerpt":{"rendered":"Uppdaterad 4 maj 2026 kl 09.05Publicerad 4 maj 2026 kl 07.07 Matpriserna fortsatte att sjunka under april.\u00a0 Bryggkaffe&hellip;\n","protected":false},"author":2,"featured_media":236612,"comment_status":"","ping_status":"","sticky":false,"template":"","format":"standard","meta":{"footnotes":"","_share_on_mastodon":"0"},"categories":[5],"tags":[22,23,26,27,17,21,24,25,28,29,15,16,18,34,607,31,33,32,30,19,990,145,20],"class_list":["post-236611","post","type-post","status-publish","format-standard","has-post-thumbnail","category-rubriker","tag-breaking-news","tag-breakingnews","tag-featured-news","tag-featurednews","tag-headlines","tag-huvudnyheter","tag-latest-news","tag-latestnews","tag-main-news","tag-mainnews","tag-news","tag-nyheter","tag-rubriker","tag-se","tag-sections-konsument","tag-svenska","tag-sverige","tag-sweden","tag-swedish","tag-top-stories","tag-topic-livsmedel","tag-topic-mat-dryck","tag-topstories"],"share_on_mastodon":{"url":"https:\/\/pubeurope.com\/@se\/116516711803463570","error":""},"_links":{"self":[{"href":"https:\/\/www.europesays.com\/se\/wp-json\/wp\/v2\/posts\/236611","targetHints":{"allow":["GET"]}}],"collection":[{"href":"https:\/\/www.europesays.com\/se\/wp-json\/wp\/v2\/posts"}],"about":[{"href":"https:\/\/www.europesays.com\/se\/wp-json\/wp\/v2\/types\/post"}],"author":[{"embeddable":true,"href":"https:\/\/www.europesays.com\/se\/wp-json\/wp\/v2\/users\/2"}],"replies":[{"embeddable":true,"href":"https:\/\/www.europesays.com\/se\/wp-json\/wp\/v2\/comments?post=236611"}],"version-history":[{"count":0,"href":"https:\/\/www.europesays.com\/se\/wp-json\/wp\/v2\/posts\/236611\/revisions"}],"wp:featuredmedia":[{"embeddable":true,"href":"https:\/\/www.europesays.com\/se\/wp-json\/wp\/v2\/media\/236612"}],"wp:attachment":[{"href":"https:\/\/www.europesays.com\/se\/wp-json\/wp\/v2\/media?parent=236611"}],"wp:term":[{"taxonomy":"category","embeddable":true,"href":"https:\/\/www.europesays.com\/se\/wp-json\/wp\/v2\/categories?post=236611"},{"taxonomy":"post_tag","embeddable":true,"href":"https:\/\/www.europesays.com\/se\/wp-json\/wp\/v2\/tags?post=236611"}],"curies":[{"name":"wp","href":"https:\/\/api.w.org\/{rel}","templated":true}]}}