{"id":237327,"date":"2026-05-05T09:03:36","date_gmt":"2026-05-05T09:03:36","guid":{"rendered":"https:\/\/www.europesays.com\/se\/237327\/"},"modified":"2026-05-05T09:03:36","modified_gmt":"2026-05-05T09:03:36","slug":"explosion-pa-fyrverkerifabrik-i-kina-minst-21-doda","status":"publish","type":"post","link":"https:\/\/www.europesays.com\/se\/237327\/","title":{"rendered":"Explosion p\u00e5 fyrverkerifabrik i Kina \u2013 minst 21 d\u00f6da"},"content":{"rendered":"<p>Minst 21 personer har d\u00f6dats och ytterligare 61 skadats i en explosion p\u00e5 en fyrverkerifabrik i Kina, enligt landets statliga medier. <\/p>\n<p>Explosionen intr\u00e4ffade i staden Changsha och hundratals r\u00e4ddningsarbetare har arbetat vid platsen. <\/p>\n<p>Det framg\u00e5r inte vad som orsakade explosionen. President Xi Jinping har kommenterat h\u00e4ndelsen och uppmanar myndigheterna att utreda h\u00e4ndelsen snabbt. <\/p>\n<p>Omni \u00e4r politiskt obundna och oberoende. Vi str\u00e4var efter att ge fler perspektiv p\u00e5 nyheterna. Har du fr\u00e5gor eller synpunkter kring v\u00e5r rapportering? <a href=\"https:\/\/omni.se\/explosion-pa-fyrverkerifabrik-i-kina-minst-21-doda\/a\/mailto:redaktion@omni.se\" class=\"ArticleActions-module-scss-module__w9u9BG__contactLink\" rel=\"nofollow noopener\" target=\"_blank\">Kontakta redaktionen<\/a><\/p>\n","protected":false},"excerpt":{"rendered":"Minst 21 personer har d\u00f6dats och ytterligare 61 skadats i en explosion p\u00e5 en fyrverkerifabrik i Kina, enligt&hellip;\n","protected":false},"author":2,"featured_media":237328,"comment_status":"","ping_status":"","sticky":false,"template":"","format":"standard","meta":{"footnotes":"","_share_on_mastodon":"0"},"categories":[5],"tags":[420,22,23,26,27,17,21,549,24,25,28,29,15,16,18,34,31,33,32,30,19,20,2223],"class_list":["post-237327","post","type-post","status-publish","format-standard","has-post-thumbnail","category-rubriker","tag-asien","tag-breaking-news","tag-breakingnews","tag-featured-news","tag-featurednews","tag-headlines","tag-huvudnyheter","tag-kina","tag-latest-news","tag-latestnews","tag-main-news","tag-mainnews","tag-news","tag-nyheter","tag-rubriker","tag-se","tag-svenska","tag-sverige","tag-sweden","tag-swedish","tag-top-stories","tag-topstories","tag-xi-jinping"],"share_on_mastodon":{"url":"https:\/\/pubeurope.com\/@se\/116521166849313174","error":""},"_links":{"self":[{"href":"https:\/\/www.europesays.com\/se\/wp-json\/wp\/v2\/posts\/237327","targetHints":{"allow":["GET"]}}],"collection":[{"href":"https:\/\/www.europesays.com\/se\/wp-json\/wp\/v2\/posts"}],"about":[{"href":"https:\/\/www.europesays.com\/se\/wp-json\/wp\/v2\/types\/post"}],"author":[{"embeddable":true,"href":"https:\/\/www.europesays.com\/se\/wp-json\/wp\/v2\/users\/2"}],"replies":[{"embeddable":true,"href":"https:\/\/www.europesays.com\/se\/wp-json\/wp\/v2\/comments?post=237327"}],"version-history":[{"count":0,"href":"https:\/\/www.europesays.com\/se\/wp-json\/wp\/v2\/posts\/237327\/revisions"}],"wp:featuredmedia":[{"embeddable":true,"href":"https:\/\/www.europesays.com\/se\/wp-json\/wp\/v2\/media\/237328"}],"wp:attachment":[{"href":"https:\/\/www.europesays.com\/se\/wp-json\/wp\/v2\/media?parent=237327"}],"wp:term":[{"taxonomy":"category","embeddable":true,"href":"https:\/\/www.europesays.com\/se\/wp-json\/wp\/v2\/categories?post=237327"},{"taxonomy":"post_tag","embeddable":true,"href":"https:\/\/www.europesays.com\/se\/wp-json\/wp\/v2\/tags?post=237327"}],"curies":[{"name":"wp","href":"https:\/\/api.w.org\/{rel}","templated":true}]}}