{"id":23842,"date":"2025-09-07T04:01:09","date_gmt":"2025-09-07T04:01:09","guid":{"rendered":"https:\/\/www.europesays.com\/se\/23842\/"},"modified":"2025-09-07T04:01:09","modified_gmt":"2025-09-07T04:01:09","slug":"experter-om-inflationen-knepigt-for-riksbanken","status":"publish","type":"post","link":"https:\/\/www.europesays.com\/se\/23842\/","title":{"rendered":"Experter om inflationen: \u201dKnepigt f\u00f6r Riksbanken\u201d"},"content":{"rendered":"<p>Torsdagens prelimin\u00e4ra inflationssiffror spretade \u00e5t olika h\u00e5ll, vilket g\u00f6r det sv\u00e5rt att tolka vart inflationen \u00e4r p\u00e5 v\u00e4g. Det s\u00e4ger Dahlgren Capitals chefsekonom Klas Eklund i SVT:s Ekonomibyr\u00e5n.<\/p>\n<p>\u2013 Det \u00e4r v\u00e4l rimligt att tro att trenden \u00e4r f\u00f6rsiktigt ned\u00e5tlutande \u00e4nd\u00e5, men det \u00e4r inte bergss\u00e4kert. Riksbanken sitter d\u00e4rf\u00f6r i en ganska knepig situation.<\/p>\n<p>Han sp\u00e5r att centralbanken s\u00e4nker lite grann, men att r\u00e4ntorna bottnar p\u00e5 en h\u00f6gre niv\u00e5 \u00e4n de gjorde f\u00f6rra g\u00e5ngen.<\/p>\n<p>Konjunkturinstitutets generaldirekt\u00f6r delar bilden av att Riksbanken st\u00e5r inf\u00f6r ett sv\u00e5rare l\u00e4ge \u00e4n vad m\u00e5nga tror. <\/p>\n<p>\u2013 Till det ska man addera att regeringen nu har kommit med en st\u00f6rre finanspolitik \u00e4n vad Riksbanken antagligen v\u00e4ntade sig, och det kan ocks\u00e5 p\u00e5verka, s\u00e4ger han.<\/p>\n<p>R\u00e4ntebeskedet publiceras den 23 september.<\/p>\n<p>Omni \u00e4r politiskt obundna och oberoende. Vi str\u00e4var efter att ge fler perspektiv p\u00e5 nyheterna. Har du fr\u00e5gor eller synpunkter kring v\u00e5r rapportering? <a href=\"https:\/\/omni.se\/experter-om-inflationen-knepigt-for-riksbanken\/a\/mailto:redaktion@omni.se\" class=\"ArticleActions_contactLink__W2F1M\" rel=\"nofollow noopener\" target=\"_blank\">Kontakta redaktionen<\/a><\/p>\n","protected":false},"excerpt":{"rendered":"Torsdagens prelimin\u00e4ra inflationssiffror spretade \u00e5t olika h\u00e5ll, vilket g\u00f6r det sv\u00e5rt att tolka vart inflationen \u00e4r p\u00e5 v\u00e4g.&hellip;\n","protected":false},"author":2,"featured_media":23843,"comment_status":"","ping_status":"","sticky":false,"template":"","format":"standard","meta":{"footnotes":""},"categories":[65],"tags":[72,318,70,71,806,2849,324,320,589,325,327,34,31,33,32,30],"class_list":{"0":"post-23842","1":"post","2":"type-post","3":"status-publish","4":"format-standard","5":"has-post-thumbnail","7":"category-ekonomi","8":"tag-business","9":"tag-centralbanker","10":"tag-economy","11":"tag-ekonomi","12":"tag-finanspolitik","13":"tag-klas-eklund","14":"tag-makroekonomi","15":"tag-makroprognoser","16":"tag-makrostatistik","17":"tag-penningpolitik","18":"tag-riksbanken","19":"tag-se","20":"tag-svenska","21":"tag-sverige","22":"tag-sweden","23":"tag-swedish"},"share_on_mastodon":{"url":"","error":""},"_links":{"self":[{"href":"https:\/\/www.europesays.com\/se\/wp-json\/wp\/v2\/posts\/23842","targetHints":{"allow":["GET"]}}],"collection":[{"href":"https:\/\/www.europesays.com\/se\/wp-json\/wp\/v2\/posts"}],"about":[{"href":"https:\/\/www.europesays.com\/se\/wp-json\/wp\/v2\/types\/post"}],"author":[{"embeddable":true,"href":"https:\/\/www.europesays.com\/se\/wp-json\/wp\/v2\/users\/2"}],"replies":[{"embeddable":true,"href":"https:\/\/www.europesays.com\/se\/wp-json\/wp\/v2\/comments?post=23842"}],"version-history":[{"count":0,"href":"https:\/\/www.europesays.com\/se\/wp-json\/wp\/v2\/posts\/23842\/revisions"}],"wp:featuredmedia":[{"embeddable":true,"href":"https:\/\/www.europesays.com\/se\/wp-json\/wp\/v2\/media\/23843"}],"wp:attachment":[{"href":"https:\/\/www.europesays.com\/se\/wp-json\/wp\/v2\/media?parent=23842"}],"wp:term":[{"taxonomy":"category","embeddable":true,"href":"https:\/\/www.europesays.com\/se\/wp-json\/wp\/v2\/categories?post=23842"},{"taxonomy":"post_tag","embeddable":true,"href":"https:\/\/www.europesays.com\/se\/wp-json\/wp\/v2\/tags?post=23842"}],"curies":[{"name":"wp","href":"https:\/\/api.w.org\/{rel}","templated":true}]}}