{"id":23886,"date":"2025-09-07T04:58:06","date_gmt":"2025-09-07T04:58:06","guid":{"rendered":"https:\/\/www.europesays.com\/se\/23886\/"},"modified":"2025-09-07T04:58:06","modified_gmt":"2025-09-07T04:58:06","slug":"lena-olins-kamp-vagrar-bli-vrakt","status":"publish","type":"post","link":"https:\/\/www.europesays.com\/se\/23886\/","title":{"rendered":"Lena Olins kamp \u2013 v\u00e4grar bli vr\u00e4kt"},"content":{"rendered":"<p>Publicerad 7 sep 2025 kl 06.30<\/p>\n<p>Lena Olin vr\u00e4ktes ur sin hyresr\u00e4tt i Stockholm efter anklagelser om mis\u00e4r och svartuthyrning.<\/p>\n<p>Men hennes kamp g\u00e5r vidare.<\/p>\n<p>Hollywoodstj\u00e4rnan v\u00e4grar ge upp.<\/p>\n<p><img   alt=\"\"\/><\/p>\n<p>Lena Olin.<\/p>\n<p>Foto: Fredrik Sandberg \/ TT<\/p>\n<p>\u00d6ppna bild i helsk\u00e4rm<img loading=\"lazy\"   alt=\"\"\/><\/p>\n<p>H\u00e4r ligger hyresr\u00e4tten i fr\u00e5ga.<\/p>\n<p>Foto: SVEN LINDWALL<\/p>\n<p>\u00d6ppna bild i helsk\u00e4rm<img loading=\"lazy\"   alt=\"\"\/><\/p>\n<p>Mis\u00e4ren i l\u00e4genheten.<\/p>\n<p>Foto: Stockholms tingsr\u00e4tt<\/p>\n<p>\u00d6ppna bild i helsk\u00e4rm<\/p>\n<p>Sedan 1979 hyr <a href=\"https:\/\/www.expressen.se\/tagg\/person\/lena-olin\/\" class=\"\" rel=\"nofollow noopener\" target=\"_blank\">Lena Olin<\/a>, 70, en l\u00e4genhet p\u00e5 G\u00e4rdet i centrala Stockholm. Enligt grannar har varken hon eller maken \u2013 regiss\u00f6ren Lasse Hallstr\u00f6m, 79 \u2013 n\u00e5gonsin synts till d\u00e4r. Sj\u00e4lv h\u00e4vdar Olin att hon anv\u00e4nder det som sin \u201dpermanenta bostad\u201d.<\/p>\n<p>V\u00e5ren 2024 uppt\u00e4cktes mis\u00e4r i l\u00e4genheten efter en sv\u00e5r vattenskada. Efter en process i hyresn\u00e4mnden<a href=\"https:\/\/www.expressen.se\/noje\/lena-olin-vraks-efter-misaren-i-lagenheten\/\" rel=\"nofollow noopener\" target=\"_blank\"> vr\u00e4ktes Lena Olin<\/a> p\u00e5 grund av missk\u00f6tsel. Hon anklagades ocks\u00e5 ha hyrt ut l\u00e4genheten svart.<\/p>\n<p>Men sk\u00e5despelaren t\u00e4nker inte ge sig.<\/p>\n<p>Hon har g\u00e5tt vidare till Svea hovr\u00e4tt d\u00e4r hon kr\u00e4ver en ny r\u00e4tteg\u00e5ng f\u00f6r att f\u00e5 beh\u00e5lla l\u00e4genheten.<\/p>\n<p>Nu listar hennes advokat argumenten f\u00f6r att hyresr\u00e4tten ska f\u00f6rbli Olins:<\/p>\n<p>\u201dHyresg\u00e4sten har inte orsakat vattenskadan och det har inte lagts fram n\u00e5gon bevisning i m\u00e5let som talar f\u00f6r att hon skulle ha gjort det\u201d, st\u00e5r bland annat att l\u00e4sa.<\/p>\n<p>\u201dSammanfattningsvis \u00e4r det utifr\u00e5n vad som lagts fram i m\u00e5let inte utrett vad som orsakat vattenskadan, n\u00e4r vattenskadan uppkom eller n\u00e4r den varit m\u00f6jlig att uppt\u00e4cka.\u201d<\/p>\n<p>\u201dKan inte tolkas p\u00e5 n\u00e5got annat s\u00e4tt&#8230;\u201d<\/p>\n<p>Hon menar ocks\u00e5 att det tagit f\u00f6r l\u00e5ng tid mellan vattenskadans uppt\u00e4ckt och upps\u00e4gningen, sju m\u00e5nader:<\/p>\n<p>\u201dUpps\u00e4gningen kan d\u00e4rf\u00f6r inte tolkas p\u00e5 n\u00e5got annat s\u00e4tt \u00e4n att det bakomliggande sk\u00e4let \u00e4r att Hyresv\u00e4rden av n\u00e5gon annan anledning vill f\u00e5 tillg\u00e5ng till Hyresg\u00e4stens l\u00e4genhet.\u201d<\/p>\n<p>Expressen har varit i kontakt med Lena Olins advokat, som inte har n\u00e5gon ytterligare kommentar.<\/p>\n","protected":false},"excerpt":{"rendered":"Publicerad 7 sep 2025 kl 06.30 Lena Olin vr\u00e4ktes ur sin hyresr\u00e4tt i Stockholm efter anklagelser om mis\u00e4r&hellip;\n","protected":false},"author":2,"featured_media":23887,"comment_status":"","ping_status":"","sticky":false,"template":"","format":"standard","meta":{"footnotes":""},"categories":[67],"tags":[104,135,2853,34,31,33,32,30,310,105],"class_list":{"0":"post-23886","1":"post","2":"type-post","3":"status-publish","4":"format-standard","5":"has-post-thumbnail","7":"category-underhallning","8":"tag-entertainment","9":"tag-location-stockholm","10":"tag-person-lena-olin","11":"tag-se","12":"tag-svenska","13":"tag-sverige","14":"tag-sweden","15":"tag-swedish","16":"tag-topic-kandisar","17":"tag-underhallning"},"share_on_mastodon":{"url":"","error":""},"_links":{"self":[{"href":"https:\/\/www.europesays.com\/se\/wp-json\/wp\/v2\/posts\/23886","targetHints":{"allow":["GET"]}}],"collection":[{"href":"https:\/\/www.europesays.com\/se\/wp-json\/wp\/v2\/posts"}],"about":[{"href":"https:\/\/www.europesays.com\/se\/wp-json\/wp\/v2\/types\/post"}],"author":[{"embeddable":true,"href":"https:\/\/www.europesays.com\/se\/wp-json\/wp\/v2\/users\/2"}],"replies":[{"embeddable":true,"href":"https:\/\/www.europesays.com\/se\/wp-json\/wp\/v2\/comments?post=23886"}],"version-history":[{"count":0,"href":"https:\/\/www.europesays.com\/se\/wp-json\/wp\/v2\/posts\/23886\/revisions"}],"wp:featuredmedia":[{"embeddable":true,"href":"https:\/\/www.europesays.com\/se\/wp-json\/wp\/v2\/media\/23887"}],"wp:attachment":[{"href":"https:\/\/www.europesays.com\/se\/wp-json\/wp\/v2\/media?parent=23886"}],"wp:term":[{"taxonomy":"category","embeddable":true,"href":"https:\/\/www.europesays.com\/se\/wp-json\/wp\/v2\/categories?post=23886"},{"taxonomy":"post_tag","embeddable":true,"href":"https:\/\/www.europesays.com\/se\/wp-json\/wp\/v2\/tags?post=23886"}],"curies":[{"name":"wp","href":"https:\/\/api.w.org\/{rel}","templated":true}]}}