{"id":239371,"date":"2026-05-07T09:32:12","date_gmt":"2026-05-07T09:32:12","guid":{"rendered":"https:\/\/www.europesays.com\/se\/239371\/"},"modified":"2026-05-07T09:32:12","modified_gmt":"2026-05-07T09:32:12","slug":"lina-24-och-emilia-19-dog-tva-bilforare-atalas-for-olycka","status":"publish","type":"post","link":"https:\/\/www.europesays.com\/se\/239371\/","title":{"rendered":"Lina, 24, och Emilia, 19, dog \u2013 tv\u00e5 bilf\u00f6rare \u00e5talas f\u00f6r olycka"},"content":{"rendered":"<p>Publicerad 7 maj 2026 kl 11.16<\/p>\n<p>Emilia Hansson, 19, och Lina Jonhansas, 24, var p\u00e5 v\u00e4g fr\u00e5n en cruising n\u00e4r de frontalkrockade med en m\u00f6tande bil.<\/p>\n<p>B\u00e5da omkom i olyckan.<\/p>\n<p>Nu \u00e5talas en man och en ung kvinna f\u00f6r v\u00e5llande till annans d\u00f6d.<\/p>\n<p><img   alt=\"\"\/><\/p>\n<p>Lina Jonhansas beskrivs som \u201dlivlig och sprallig\u201d.<\/p>\n<p>Foto: Privat<\/p>\n<p>\u00d6ppna bild i helsk\u00e4rm<img loading=\"lazy\"   alt=\"\"\/><\/p>\n<p>Emilia Hansson beskrivs som sn\u00e4ll och glad.<\/p>\n<p>\u00d6ppna bild i helsk\u00e4rm<img loading=\"lazy\"   alt=\"\"\/><\/p>\n<p>En minnesplats v\u00e4xte fram p\u00e5 platsen dagen efter olyckan.<\/p>\n<p>Foto: SVEN LINDWALL<\/p>\n<p>\u00d6ppna bild i helsk\u00e4rm<img loading=\"lazy\"   alt=\"\"\/><\/p>\n<p>Minnesplatsen v\u00e4xte sen under dagen.<\/p>\n<p>Foto: P\u00c4R FRIBERG \/ P\u00c4R FRIBERG<\/p>\n<p>\u00d6ppna bild i helsk\u00e4rm<img loading=\"lazy\"   alt=\"\"\/><\/p>\n<p>Det var m\u00f6rkt och dimmigt p\u00e5 platsen i samband med olyckan.<\/p>\n<p>Foto: Henrik Nyblad \/ Ljusnan<\/p>\n<p>\u00d6ppna bild i helsk\u00e4rm<\/p>\n<p>Det var sent p\u00e5 l\u00f6rdagskv\u00e4llen den 27 september i fjol som polis, r\u00e4ddningstj\u00e4nst och ambulans larmades till en allvarlig trafikolycka p\u00e5 riksv\u00e4g 83 strax norr om Bolln\u00e4s.<\/p>\n<p>Tv\u00e5 bilar hade d\u00e5 frontalkrockat och sen hade en tredje bil k\u00f6rt in i fordonen, varp\u00e5 en av bilarna b\u00f6rjade brinna.<\/p>\n<p>Tv\u00e5 personer dog i olyckan.<\/p>\n<p>Det var <a href=\"https:\/\/www.expressen.se\/nyheter\/sverige\/emilia-19-dog-i-olyckan-utanfor-bollnas\/\" rel=\"nofollow noopener\" target=\"_blank\">19-\u00e5riga Emilia Hansson fr\u00e5n Ljusdal<\/a> och <a href=\"https:\/\/www.expressen.se\/nyheter\/sverige\/lina-24-dog-i-bilolyckan-utanfor-bollnas\/\" rel=\"nofollow noopener\" target=\"_blank\">24-\u00e5riga Lina Jonhansas fr\u00e5n J\u00e4rvs\u00f6<\/a>, som hade varit p\u00e5 cruising i Edsbyn under kv\u00e4llen.<\/p>\n<p>\u00c5talet: K\u00f6rde om trots t\u00e4t dimma<\/p>\n<p>Nu har tv\u00e5 personer \u00e5talats f\u00f6r att ha orsakat d\u00f6dsolyckan.<\/p>\n<p>En 21-\u00e5rig kvinna \u00e5talas f\u00f6r grov v\u00e5rdsl\u00f6shet i trafik och grovt v\u00e5llande till annans d\u00f6d, alternativt grovt v\u00e5llande till kroppsskada. Enligt \u00e5klagaren b\u00f6rjade hon \u2013 trots \u201dm\u00f6rker och t\u00e4t dimma\u201d \u2013 k\u00f6ra om en lastbil med sl\u00e4p, och det var n\u00e4r hon var \u00f6ver i fel k\u00f6rf\u00e4lt som hon frontalkrockade med den bil som Emilia Hansson och Lina Jonhansas reste i.<\/p>\n<p>En 29-\u00e5rig man \u00e5talas f\u00f6r v\u00e5rdsl\u00f6shet i trafik och v\u00e5llande till annans d\u00f6d, alternativt v\u00e5llande till kroppsskada. Enligt \u00e5talet k\u00f6rde han i \u201dbetydligt h\u00f6gre hastighet \u00e4n vad som var till\u00e5tet p\u00e5 platsen\u201d, varp\u00e5 han k\u00f6rde p\u00e5 en av kvinnorna \u2013 som efter frontalkrocken hade lyckats ta sig ut p\u00e5 v\u00e4gbanan \u2013 och kolliderade med bilen som den andra kvinnan satt kvar i.<\/p>\n<p>Den p\u00e5k\u00f6rda bilen b\u00f6rjade d\u00e5 brinna.<\/p>\n<p>\u00c5talas f\u00f6r v\u00e5llande till kroppsskada<\/p>\n<p>I den bilen f\u00e4rdades f\u00f6rutom Emilia Hansson och Lina Jonhansas ocks\u00e5 fyra m\u00e4n som alla skadades i olyckan. Den 21-\u00e5riga kvinnan \u00e5talas d\u00e4rf\u00f6r \u00e4ven f\u00f6r grovt v\u00e5llande till kroppsskada, och den 29-\u00e5riga mannen f\u00f6r v\u00e5llande till kroppsskada.<\/p>\n<p>B\u00e5da de \u00e5talade f\u00f6rnekar brott.<\/p>\n<p>21-\u00e5ringen s\u00e4ger enligt \u00e5talet att hon inte minns n\u00e5got fr\u00e5n olyckan, men hon medger att det stundtals var s\u00e5 tjock dimma att man \u201dknappt s\u00e5g en meter framf\u00f6r bilen\u201d. 29-\u00e5ringen medger ocks\u00e5 att det var m\u00f6rkt och dimmigt, men menar att han h\u00f6ll en l\u00e4gre hastighet och att han inte s\u00e5g bilen han kolliderade med f\u00f6r att den saknade belysning.<\/p>\n","protected":false},"excerpt":{"rendered":"Publicerad 7 maj 2026 kl 11.16 Emilia Hansson, 19, och Lina Jonhansas, 24, var p\u00e5 v\u00e4g fr\u00e5n en&hellip;\n","protected":false},"author":2,"featured_media":239372,"comment_status":"","ping_status":"","sticky":false,"template":"","format":"standard","meta":{"footnotes":"","_share_on_mastodon":"0"},"categories":[5],"tags":[22,23,26,27,17,21,24,25,4341,28,29,15,16,18,34,154,31,33,32,30,19,427,4070,20],"class_list":["post-239371","post","type-post","status-publish","format-standard","has-post-thumbnail","category-rubriker","tag-breaking-news","tag-breakingnews","tag-featured-news","tag-featurednews","tag-headlines","tag-huvudnyheter","tag-latest-news","tag-latestnews","tag-location-bollnas-kommun","tag-main-news","tag-mainnews","tag-news","tag-nyheter","tag-rubriker","tag-se","tag-sections-sverige","tag-svenska","tag-sverige","tag-sweden","tag-swedish","tag-top-stories","tag-topic-dodsfall","tag-topic-trafikolycka","tag-topstories"],"share_on_mastodon":{"url":"https:\/\/pubeurope.com\/@se\/116532605554509519","error":""},"_links":{"self":[{"href":"https:\/\/www.europesays.com\/se\/wp-json\/wp\/v2\/posts\/239371","targetHints":{"allow":["GET"]}}],"collection":[{"href":"https:\/\/www.europesays.com\/se\/wp-json\/wp\/v2\/posts"}],"about":[{"href":"https:\/\/www.europesays.com\/se\/wp-json\/wp\/v2\/types\/post"}],"author":[{"embeddable":true,"href":"https:\/\/www.europesays.com\/se\/wp-json\/wp\/v2\/users\/2"}],"replies":[{"embeddable":true,"href":"https:\/\/www.europesays.com\/se\/wp-json\/wp\/v2\/comments?post=239371"}],"version-history":[{"count":0,"href":"https:\/\/www.europesays.com\/se\/wp-json\/wp\/v2\/posts\/239371\/revisions"}],"wp:featuredmedia":[{"embeddable":true,"href":"https:\/\/www.europesays.com\/se\/wp-json\/wp\/v2\/media\/239372"}],"wp:attachment":[{"href":"https:\/\/www.europesays.com\/se\/wp-json\/wp\/v2\/media?parent=239371"}],"wp:term":[{"taxonomy":"category","embeddable":true,"href":"https:\/\/www.europesays.com\/se\/wp-json\/wp\/v2\/categories?post=239371"},{"taxonomy":"post_tag","embeddable":true,"href":"https:\/\/www.europesays.com\/se\/wp-json\/wp\/v2\/tags?post=239371"}],"curies":[{"name":"wp","href":"https:\/\/api.w.org\/{rel}","templated":true}]}}