{"id":240260,"date":"2026-05-08T06:35:16","date_gmt":"2026-05-08T06:35:16","guid":{"rendered":"https:\/\/www.europesays.com\/se\/240260\/"},"modified":"2026-05-08T06:35:16","modified_gmt":"2026-05-08T06:35:16","slug":"brak-vid-runda-bordet-och-aldrig-tidigare-visat-material-fran-forradarna-expressen","status":"publish","type":"post","link":"https:\/\/www.europesays.com\/se\/240260\/","title":{"rendered":"Br\u00e5k vid runda bordet \u2013 och aldrig tidigare visat material fr\u00e5n \u201dF\u00f6rr\u00e4darna\u201d &#8211; Expressen"},"content":{"rendered":"<ol>\n<li><a href=\"https:\/\/news.google.com\/rss\/articles\/CBMiqgFBVV95cUxOcVFCUWtER044a3MwMTY5Z05icE84alg0TXlNdmlNMmVGcGQyN3hMdlh5U2t1V28yUlo3cHNLRThhSTBtOTRPdnVlZDVxM19PMXZpel8zb0N5eFFrRXJqSDN5aG9oQWprUm5jOWIwSHMyQXhyQ3hUSVEta2VVV3NBaGFYN0JzeEROQ3AzWjk1UVRwMEM0RkpQNWU5STRDVjFBU0JHMkVtWUxzdw?oc=5\" target=\"_blank\" rel=\"nofollow noopener\">Br\u00e5k vid runda bordet \u2013 och aldrig tidigare visat material fr\u00e5n \u201dF\u00f6rr\u00e4darna\u201d<\/a>&nbsp;&nbsp;Expressen<\/li>\n<li><a href=\"https:\/\/news.google.com\/rss\/articles\/CBMirwFBVV95cUxQSnNJdGVpLUpKVm93ZnotLTRPR0tNWnZTYXJQR3BlM3RIOF9fUzF1bWdCZVd2QkNWYW04YnJZWjlRQnJ3YmtFN19RWVlCME9ydEQyOHBpNXFWanQyZEF4OWR1YmtsVExGSGZKdGFtMmI4Tlc4al9HLTBrb2txZ2RwbkxESlVOeVhjc1ZmeU0tNldaalBsc0VMQ0JyU1U2Z0FiVXYtZ0dmMWlvSnJGaXNN?oc=5\" target=\"_blank\" rel=\"nofollow noopener\">Snyggattacken mot Julia Franz\u00e9n i \u201dF\u00f6rr\u00e4darna\u201d<\/a>&nbsp;&nbsp;Expressen<\/li>\n<li><a href=\"https:\/\/news.google.com\/rss\/articles\/CBMingFBVV95cUxQcmZNbEctSWJVenFzWHpVajJNNU9WbWx0TVkyTVdnQ0VNRjZZQmxMT3hZV1hJLUVPeGNyNkx2bUxLU0JCU19iZ2N6UFFmZ1FJNXhWS0thYUlTbWNrU0Y0cUgxdVdieTF6di13NjZaVmNPZGlBTW9keEd5cVloUFZ3TGhZQTczUHpIUmlVdDBvT3BZZGFyM3YxTm1WQ1NVZw?oc=5\" target=\"_blank\" rel=\"nofollow noopener\">Julia Franz\u00e9ns f\u00f6rtvivlan i \u201dF\u00f6rr\u00e4darna\u201d: \u201dGrilla mig d\u00e5\u201d<\/a>&nbsp;&nbsp;Aftonbladet<\/li>\n<li><a href=\"https:\/\/news.google.com\/rss\/articles\/CBMitAFBVV95cUxOa3hvZ0k5QlROV2JiUHNxUTZfajFYakNPV25ZTjUtZzRKcDZYbzBvODNtWUpQOElIZTBqRWREbTdvemFsazNzaXNwa0pPWDhUMXVmeHQ5RmVkUGtNTkF4UHZXTUg0WTQ2WWJIUWtvbmFidlRaZHNOWGNsM2VJaUNLelMxRVVGUG45eUU0dllhMmhyVWJQNHFYbFMtejQzMHNRRENHQVZMMERSVTRZbkpKV1dYV3k?oc=5\" target=\"_blank\" rel=\"nofollow noopener\">Efter attacken mot omtyckta artisten: \u201dD\u00e5 hade jag f\u00e5tt fly landet\u201d<\/a>&nbsp;&nbsp;TV4 Nyheterna<\/li>\n<li><a href=\"https:\/\/news.google.com\/rss\/articles\/CBMinAFBVV95cUxPUGFvMFdyZWNYSFFsVHI5b0xVRUpCTEpFNnVSZ0ZkZ3g4aUZOU01POW5pOU5zMW11ZmstRDZZYk9Ed0FUS0xyQWVmNDZPS3NkM3AzOGF0REd0bW5DU1JjOEVoQ2didUNVNEtKQ1N2WmstZV9peVVVeUppM3ZGdzJubFFISVR6QXNDVVZUMFhfZXFJY1BTeVpGRzJDcU4?oc=5\" target=\"_blank\" rel=\"nofollow noopener\">Julia Franz\u00e9n om sanningen bakom utspelet i F\u00f6rr\u00e4darna<\/a>&nbsp;&nbsp;H\u00e4nt<\/li>\n<\/ol>\n","protected":false},"excerpt":{"rendered":"Br\u00e5k vid runda bordet \u2013 och aldrig tidigare visat material fr\u00e5n \u201dF\u00f6rr\u00e4darna\u201d&nbsp;&nbsp;Expressen Snyggattacken mot Julia Franz\u00e9n i \u201dF\u00f6rr\u00e4darna\u201d&nbsp;&nbsp;Expressen&hellip;\n","protected":false},"author":2,"featured_media":240261,"comment_status":"","ping_status":"","sticky":false,"template":"","format":"standard","meta":{"footnotes":"","_share_on_mastodon":"0"},"categories":[67],"tags":[104,17646,4034,14492,34,12493,31,33,32,30,17578,105],"class_list":["post-240260","post","type-post","status-publish","format-standard","has-post-thumbnail","category-underhallning","tag-entertainment","tag-organization-bts-vodd","tag-organization-forradarna","tag-person-julia-frandfors","tag-se","tag-sections-noje","tag-svenska","tag-sverige","tag-sweden","tag-swedish","tag-topic-kandisnyheter","tag-underhallning"],"share_on_mastodon":{"url":"https:\/\/pubeurope.com\/@se\/116537571791972788","error":""},"_links":{"self":[{"href":"https:\/\/www.europesays.com\/se\/wp-json\/wp\/v2\/posts\/240260","targetHints":{"allow":["GET"]}}],"collection":[{"href":"https:\/\/www.europesays.com\/se\/wp-json\/wp\/v2\/posts"}],"about":[{"href":"https:\/\/www.europesays.com\/se\/wp-json\/wp\/v2\/types\/post"}],"author":[{"embeddable":true,"href":"https:\/\/www.europesays.com\/se\/wp-json\/wp\/v2\/users\/2"}],"replies":[{"embeddable":true,"href":"https:\/\/www.europesays.com\/se\/wp-json\/wp\/v2\/comments?post=240260"}],"version-history":[{"count":0,"href":"https:\/\/www.europesays.com\/se\/wp-json\/wp\/v2\/posts\/240260\/revisions"}],"wp:featuredmedia":[{"embeddable":true,"href":"https:\/\/www.europesays.com\/se\/wp-json\/wp\/v2\/media\/240261"}],"wp:attachment":[{"href":"https:\/\/www.europesays.com\/se\/wp-json\/wp\/v2\/media?parent=240260"}],"wp:term":[{"taxonomy":"category","embeddable":true,"href":"https:\/\/www.europesays.com\/se\/wp-json\/wp\/v2\/categories?post=240260"},{"taxonomy":"post_tag","embeddable":true,"href":"https:\/\/www.europesays.com\/se\/wp-json\/wp\/v2\/tags?post=240260"}],"curies":[{"name":"wp","href":"https:\/\/api.w.org\/{rel}","templated":true}]}}