{"id":24046,"date":"2025-09-07T08:20:15","date_gmt":"2025-09-07T08:20:15","guid":{"rendered":"https:\/\/www.europesays.com\/se\/24046\/"},"modified":"2025-09-07T08:20:15","modified_gmt":"2025-09-07T08:20:15","slug":"lo-svenska-foraldrar-jobbar-mer-an-i-andra-lander","status":"publish","type":"post","link":"https:\/\/www.europesays.com\/se\/24046\/","title":{"rendered":"LO: Svenska f\u00f6r\u00e4ldrar jobbar mer \u00e4n i andra l\u00e4nder"},"content":{"rendered":"<p>\tLO: Svenska f\u00f6r\u00e4ldrar jobbar mer \u00e4n i andra l\u00e4nder &#8211; Aktuellt i Politiken<\/p>\n<p>Svenska f\u00f6r\u00e4ldrar jobbar mest bland j\u00e4mf\u00f6rbara l\u00e4nder, h\u00e4vdar LO i en ny rapport.<br \/>\u2013 Det finns ingen anledning till att Sverige ska sticka ut som ett land d\u00e4r vi jobbar mer \u00e4n andra liknande l\u00e4nder. Att hj\u00e4lpa till att f\u00e5 vardagspusslet att g\u00e5 ihop \u00e4r bara ett av m\u00e5nga sk\u00e4l till att vi m\u00e5ste s\u00e4nka arbetstiden i Sverige, s\u00e4ger LO-ordf\u00f6rande Johan Lindholm.<\/p>\n<p>Vi anv\u00e4nder cookies, inklusive annan sp\u00e5rningsteknik fr\u00e5n tredjepartsutgivare f\u00f6r att ge dig en b\u00e4ttre l\u00e4supplevelse p\u00e5 v\u00e5r hemsida. F\u00f6r detta \u00e4ndam\u00e5l samlar vi in information om anv\u00e4ndare, surfm\u00f6nster och enheter. Genom att klicka p\u00e5 Till\u00e5t alla cookies godk\u00e4nner du detta, och samtycker till att vi delar den h\u00e4r informationen med tredje part. Om du vill kan du ist\u00e4llet v\u00e4lja att forts\u00e4tta med Endast n\u00f6dv\u00e4ndiga cookies.Till\u00e5t alla cookiesEndast n\u00f6dv\u00e4ndiga cookiesIntegritets\u00adpolicy<\/p>\n<p>Du kan \u00e5terkalla ditt samtycke n\u00e4r som helst genom att anv\u00e4nda knappen \u00e5terkalla samtycke.\u00c5terkalla samtycke\n\t\t\t<\/p>\n","protected":false},"excerpt":{"rendered":"LO: Svenska f\u00f6r\u00e4ldrar jobbar mer \u00e4n i andra l\u00e4nder &#8211; Aktuellt i Politiken Svenska f\u00f6r\u00e4ldrar jobbar mest bland&hellip;\n","protected":false},"author":2,"featured_media":24047,"comment_status":"","ping_status":"","sticky":false,"template":"","format":"standard","meta":{"footnotes":""},"categories":[65],"tags":[2638,2639,72,70,71,34,31,33,32,30],"class_list":{"0":"post-24046","1":"post","2":"type-post","3":"status-publish","4":"format-standard","5":"has-post-thumbnail","7":"category-ekonomi","8":"tag-arbetstid","9":"tag-arbetstidsforkortning","10":"tag-business","11":"tag-economy","12":"tag-ekonomi","13":"tag-se","14":"tag-svenska","15":"tag-sverige","16":"tag-sweden","17":"tag-swedish"},"share_on_mastodon":{"url":"","error":""},"_links":{"self":[{"href":"https:\/\/www.europesays.com\/se\/wp-json\/wp\/v2\/posts\/24046","targetHints":{"allow":["GET"]}}],"collection":[{"href":"https:\/\/www.europesays.com\/se\/wp-json\/wp\/v2\/posts"}],"about":[{"href":"https:\/\/www.europesays.com\/se\/wp-json\/wp\/v2\/types\/post"}],"author":[{"embeddable":true,"href":"https:\/\/www.europesays.com\/se\/wp-json\/wp\/v2\/users\/2"}],"replies":[{"embeddable":true,"href":"https:\/\/www.europesays.com\/se\/wp-json\/wp\/v2\/comments?post=24046"}],"version-history":[{"count":0,"href":"https:\/\/www.europesays.com\/se\/wp-json\/wp\/v2\/posts\/24046\/revisions"}],"wp:featuredmedia":[{"embeddable":true,"href":"https:\/\/www.europesays.com\/se\/wp-json\/wp\/v2\/media\/24047"}],"wp:attachment":[{"href":"https:\/\/www.europesays.com\/se\/wp-json\/wp\/v2\/media?parent=24046"}],"wp:term":[{"taxonomy":"category","embeddable":true,"href":"https:\/\/www.europesays.com\/se\/wp-json\/wp\/v2\/categories?post=24046"},{"taxonomy":"post_tag","embeddable":true,"href":"https:\/\/www.europesays.com\/se\/wp-json\/wp\/v2\/tags?post=24046"}],"curies":[{"name":"wp","href":"https:\/\/api.w.org\/{rel}","templated":true}]}}