{"id":24054,"date":"2025-09-07T08:28:37","date_gmt":"2025-09-07T08:28:37","guid":{"rendered":"https:\/\/www.europesays.com\/se\/24054\/"},"modified":"2025-09-07T08:28:37","modified_gmt":"2025-09-07T08:28:37","slug":"mamma-drog-in-mest-pa-harvan-agerat-bulvan","status":"publish","type":"post","link":"https:\/\/www.europesays.com\/se\/24054\/","title":{"rendered":"Mamma drog in mest p\u00e5 h\u00e4rvan: \u201dAgerat bulvan\u201d"},"content":{"rendered":"<p>Mamman till en av l\u00e4ckorna gjorde st\u00f6rst vinst i den misst\u00e4nkta norsksvenska insiderh\u00e4rvan, skriver Aff\u00e4rsv\u00e4rlden.<\/p>\n<p>Hon misst\u00e4nks ha f\u00e5tt insideruppgifter fr\u00e5n sin son som jobbade som chef p\u00e5 det norska riskkapitalbolaget Verdane. <\/p>\n<p>\u2013 Hon har agerat bulvan f\u00f6r sonen och andra i sl\u00e4kten, men hon har \u00e4ven handlat f\u00f6r sig sj\u00e4lv och sin make, s\u00e4ger stats\u00e5klagare Pontus Hamilton p\u00e5 Ekobrottsmyndigheten till aff\u00e4rstidningen.  <\/p>\n<p>Mamman ber\u00e4knas ha gjort en brottsvinst p\u00e5 runt 6 miljoner kronor, skriver Afv. <\/p>\n<p>Omni \u00e4r politiskt obundna och oberoende. Vi str\u00e4var efter att ge fler perspektiv p\u00e5 nyheterna. Har du fr\u00e5gor eller synpunkter kring v\u00e5r rapportering? <a href=\"https:\/\/omni.se\/mamma-drog-in-mest-pa-harvan-agerat-bulvan-for-sonen\/a\/mailto:redaktion@omni.se\" class=\"ArticleActions_contactLink__W2F1M\" rel=\"nofollow noopener\" target=\"_blank\">Kontakta redaktionen<\/a><\/p>\n","protected":false},"excerpt":{"rendered":"Mamman till en av l\u00e4ckorna gjorde st\u00f6rst vinst i den misst\u00e4nkta norsksvenska insiderh\u00e4rvan, skriver Aff\u00e4rsv\u00e4rlden. Hon misst\u00e4nks ha&hellip;\n","protected":false},"author":2,"featured_media":24055,"comment_status":"","ping_status":"","sticky":false,"template":"","format":"standard","meta":{"footnotes":""},"categories":[65],"tags":[2646,72,70,2867,2645,71,34,31,33,32,30],"class_list":{"0":"post-24054","1":"post","2":"type-post","3":"status-publish","4":"format-standard","5":"has-post-thumbnail","7":"category-ekonomi","8":"tag-affarsvarlden","9":"tag-business","10":"tag-economy","11":"tag-ekobrott","12":"tag-ekobrottsmyndigheten","13":"tag-ekonomi","14":"tag-se","15":"tag-svenska","16":"tag-sverige","17":"tag-sweden","18":"tag-swedish"},"share_on_mastodon":{"url":"","error":""},"_links":{"self":[{"href":"https:\/\/www.europesays.com\/se\/wp-json\/wp\/v2\/posts\/24054","targetHints":{"allow":["GET"]}}],"collection":[{"href":"https:\/\/www.europesays.com\/se\/wp-json\/wp\/v2\/posts"}],"about":[{"href":"https:\/\/www.europesays.com\/se\/wp-json\/wp\/v2\/types\/post"}],"author":[{"embeddable":true,"href":"https:\/\/www.europesays.com\/se\/wp-json\/wp\/v2\/users\/2"}],"replies":[{"embeddable":true,"href":"https:\/\/www.europesays.com\/se\/wp-json\/wp\/v2\/comments?post=24054"}],"version-history":[{"count":0,"href":"https:\/\/www.europesays.com\/se\/wp-json\/wp\/v2\/posts\/24054\/revisions"}],"wp:featuredmedia":[{"embeddable":true,"href":"https:\/\/www.europesays.com\/se\/wp-json\/wp\/v2\/media\/24055"}],"wp:attachment":[{"href":"https:\/\/www.europesays.com\/se\/wp-json\/wp\/v2\/media?parent=24054"}],"wp:term":[{"taxonomy":"category","embeddable":true,"href":"https:\/\/www.europesays.com\/se\/wp-json\/wp\/v2\/categories?post=24054"},{"taxonomy":"post_tag","embeddable":true,"href":"https:\/\/www.europesays.com\/se\/wp-json\/wp\/v2\/tags?post=24054"}],"curies":[{"name":"wp","href":"https:\/\/api.w.org\/{rel}","templated":true}]}}