{"id":24056,"date":"2025-09-07T08:29:08","date_gmt":"2025-09-07T08:29:08","guid":{"rendered":"https:\/\/www.europesays.com\/se\/24056\/"},"modified":"2025-09-07T08:29:08","modified_gmt":"2025-09-07T08:29:08","slug":"adolf-hitler-ville-nog-ocksa-garna-bli-150-ar","status":"publish","type":"post","link":"https:\/\/www.europesays.com\/se\/24056\/","title":{"rendered":"Adolf Hitler ville nog ocks\u00e5 g\u00e4rna bli 150 \u00e5r"},"content":{"rendered":"<p>Xi Jinpings och Vladimir Putins samtal om att bli od\u00f6dliga, eller i varje fall kanske 150 \u00e5r gamla, \u00e4r \u00e4mnet f\u00f6r flera av s\u00f6ndagens ledartexter. Aftonbladets politiska chefredakt\u00f6r Anders Lindberg kommer att t\u00e4nka p\u00e5 Adolf Hitlers livl\u00e4kare Theodor Morell, som dagligen gav diktatorn en kur p\u00e5 upp till 90 olika mediciner. <\/p>\n<p>\u201dFurstar som vill leva f\u00f6r evigt \u00e4r inget nytt i v\u00e4rldshistorien\u201d, konstaterar Lindberg. <\/p>\n<p>DN:s chefredakt\u00f6r Peter Wolodarski skriver att diktatorernas megalomani h\u00e4nger samman med att de ser sig sj\u00e4lva som \u00f6verm\u00e4nniskor. Det \u00e4r frestande att sk\u00e4mta bort det som humbug, om det inte vore f\u00f6r att det har konkreta implikationer f\u00f6r v\u00e4rldens riktning, skriver han. <\/p>\n<p>\u201dN\u00e4r figurer som Xi och Putin tror att de kan bli 150 \u00e5r gamla, planerar de ocks\u00e5 sin politik d\u00e4refter.\u201d<\/p>\n<p>I SvD riktar den politiska chefredakt\u00f6ren Tove Lifvendal i\u202fst\u00e4llet str\u00e5lkastarljuset mot Sverige och debatten om svenskhet som f\u00f6ljt efter presentationen av kulturkanon. Hon skriver att Jessica Stegruds (SD) kritiserade inl\u00e4gg blottar n\u00e5got mots\u00e4gelsefullt, n\u00e4mligen Sveriges \u201deviga kluvenhet till det som inte \u00e4r homogent\u201d. <\/p>\n<p>Omnis ledarsvep utg\u00e5r fr\u00e5n de st\u00f6rsta ledarsidorna i Sverige. Urvalet varierar dagligen. <\/p>\n<p>Omni \u00e4r politiskt obundna och oberoende. Vi str\u00e4var efter att ge fler perspektiv p\u00e5 nyheterna. Har du fr\u00e5gor eller synpunkter kring v\u00e5r rapportering? <a href=\"https:\/\/omni.se\/ledare-adolf-hitler-ville-nog-ocksa-garna-bli-150-ar\/a\/mailto:redaktion@omni.se\" class=\"ArticleActions_contactLink__W2F1M\" rel=\"nofollow noopener\" target=\"_blank\">Kontakta redaktionen<\/a><\/p>\n","protected":false},"excerpt":{"rendered":"Xi Jinpings och Vladimir Putins samtal om att bli od\u00f6dliga, eller i varje fall kanske 150 \u00e5r gamla,&hellip;\n","protected":false},"author":2,"featured_media":24057,"comment_status":"","ping_status":"","sticky":false,"template":"","format":"standard","meta":{"footnotes":""},"categories":[14],"tags":[2870,2398,420,22,23,26,27,17,21,2871,549,2872,24,25,511,1633,28,29,15,16,1632,2868,369,18,264,34,31,33,617,32,30,19,20,2869,51,261,52,53,54,2223],"class_list":{"0":"post-24056","1":"post","2":"type-post","3":"status-publish","4":"format-standard","5":"has-post-thumbnail","7":"category-varlden","8":"tag-adolf-hitler","9":"tag-anders-lindberg","10":"tag-asien","11":"tag-breaking-news","12":"tag-breakingnews","13":"tag-featured-news","14":"tag-featurednews","15":"tag-headlines","16":"tag-huvudnyheter","17":"tag-jessica-stegrud","18":"tag-kina","19":"tag-kulturpolitik","20":"tag-latest-news","21":"tag-latestnews","22":"tag-ledare","23":"tag-ledarsvepet","24":"tag-main-news","25":"tag-mainnews","26":"tag-news","27":"tag-nyheter","28":"tag-opinion","29":"tag-peter-wolodarski","30":"tag-politik","31":"tag-rubriker","32":"tag-ryssland","33":"tag-se","34":"tag-svenska","35":"tag-sverige","36":"tag-sverigedemokraterna","37":"tag-sweden","38":"tag-swedish","39":"tag-top-stories","40":"tag-topstories","41":"tag-tove-lifvendahl","42":"tag-varlden","43":"tag-vladimir-putin","44":"tag-world","45":"tag-world-news","46":"tag-worldnews","47":"tag-xi-jinping"},"share_on_mastodon":{"url":"","error":""},"_links":{"self":[{"href":"https:\/\/www.europesays.com\/se\/wp-json\/wp\/v2\/posts\/24056","targetHints":{"allow":["GET"]}}],"collection":[{"href":"https:\/\/www.europesays.com\/se\/wp-json\/wp\/v2\/posts"}],"about":[{"href":"https:\/\/www.europesays.com\/se\/wp-json\/wp\/v2\/types\/post"}],"author":[{"embeddable":true,"href":"https:\/\/www.europesays.com\/se\/wp-json\/wp\/v2\/users\/2"}],"replies":[{"embeddable":true,"href":"https:\/\/www.europesays.com\/se\/wp-json\/wp\/v2\/comments?post=24056"}],"version-history":[{"count":0,"href":"https:\/\/www.europesays.com\/se\/wp-json\/wp\/v2\/posts\/24056\/revisions"}],"wp:featuredmedia":[{"embeddable":true,"href":"https:\/\/www.europesays.com\/se\/wp-json\/wp\/v2\/media\/24057"}],"wp:attachment":[{"href":"https:\/\/www.europesays.com\/se\/wp-json\/wp\/v2\/media?parent=24056"}],"wp:term":[{"taxonomy":"category","embeddable":true,"href":"https:\/\/www.europesays.com\/se\/wp-json\/wp\/v2\/categories?post=24056"},{"taxonomy":"post_tag","embeddable":true,"href":"https:\/\/www.europesays.com\/se\/wp-json\/wp\/v2\/tags?post=24056"}],"curies":[{"name":"wp","href":"https:\/\/api.w.org\/{rel}","templated":true}]}}