{"id":24114,"date":"2025-09-07T09:51:14","date_gmt":"2025-09-07T09:51:14","guid":{"rendered":"https:\/\/www.europesays.com\/se\/24114\/"},"modified":"2025-09-07T09:51:14","modified_gmt":"2025-09-07T09:51:14","slug":"nikon-z-f-lanseras-i-silver-far-kornig-filmsimulering","status":"publish","type":"post","link":"https:\/\/www.europesays.com\/se\/24114\/","title":{"rendered":"Nikon Z f lanseras i silver \u2013 f\u00e5r kornig filmsimulering"},"content":{"rendered":"<p>                          Prylnytt<\/p>\n<p class=\"articleingress\">Den popul\u00e4ra retrokameran Nikon Z f kommer \u00e4ntligen i silver. Det g\u00e5r dessutom att f\u00e5 kl\u00e4dseln i flera olika f\u00e4rger. Samtidigt f\u00e5r kameran ett nytt filmsimuleringsl\u00e4ge.<\/p>\n<p><strong>M\u00e4rkligt nog kom Nikon Z f bara i svart<\/strong> n\u00e4r den lanserades f\u00f6r tv\u00e5 \u00e5r sedan, trots att APS-C-versionen Nikon Z fc s\u00e5ldes i b\u00e5de svart och silver.<\/p>\n<p>Nu r\u00e4ttar Nikon till saken. Ut\u00f6ver silverf\u00e4rgad metall g\u00e5r det ocks\u00e5 att v\u00e4lja mellan sex olika f\u00e4rger p\u00e5 kl\u00e4dseln: sepiabrun, mossgr\u00f6n, stengr\u00e5, konjaksbrun, gr\u00f6nbl\u00e5 och r\u00f6dviolett.<\/p>\n<p><a href=\"https:\/\/www.europesays.com\/se\/wp-content\/uploads\/2025\/09\/939524.jpg\" rel=\"lightbox\"><img decoding=\"async\" src=\"https:\/\/www.europesays.com\/se\/wp-content\/uploads\/2025\/09\/939524.jpg\" alt=\"\" rel=\"lightbox\" class=\"lightbox\" data-cli=\"DocumentPart-939524\"\/><\/a><\/p>\n<p>Ny funktion med firmware<\/p>\n<p>Samtidigt med Nikon Z f Silver kommer en ny firmware-funktion f\u00f6r Z f som ger funktionen \u201dFilm grain\u201d. Den ger bilderna en kornighet som liknar film. Funktionen kan kombineras med bildinst\u00e4llningar som kan laddas ned via Nikon Imaging Cloud.<\/p>\n<p>L\u00e4s \u00e4ven: <strong><a href=\"https:\/\/www.fotosidan.se\/cldoc\/fotosidan-testar\/test-nikon-z-f-retro-pa.htm\" rel=\"nofollow noopener\" target=\"_blank\">Test: Nikon Z f \u2013 Retro p\u00e5 r\u00e4tt s\u00e4tt<\/a><\/strong><\/p>\n<p>L\u00e4s \u00e4ven: <a href=\"https:\/\/www.fotosidan.se\/blogs\/froderberg\/gatufoto-med-nikon-z-f.htm\" rel=\"nofollow noopener\" target=\"_blank\"><strong>Blogg: Gatufoto med Nikon Z f<\/strong><\/a><\/p>\n<p><a href=\"https:\/\/www.europesays.com\/se\/wp-content\/uploads\/2025\/09\/939526.jpg\" rel=\"lightbox\"><img decoding=\"async\" src=\"https:\/\/www.europesays.com\/se\/wp-content\/uploads\/2025\/09\/939526.jpg\" alt=\"\" rel=\"lightbox\" class=\"lightbox\" data-cli=\"DocumentPart-939526\"\/><\/a><\/p>\n<p>      \t\t\t<img decoding=\"async\" src=\"https:\/\/www.europesays.com\/se\/wp-content\/uploads\/2025\/08\/f2117752c045dc283223ad728e8d8f03.jpg\" border=\"0\" alt=\"\"\/>\t\t\t\t<\/p>\n<p>Publicerad 2025-09-06. <\/p>\n<p>    Fotosidan produktdatabas<\/p>\n<p>Omd\u00f6men fr\u00e5n medlemmar, testbilder och produktinformation<\/p>\n<p>        <a href=\"https:\/\/www.fotosidan.se\/prylar\/view.htm?ID=29370\" rel=\"nofollow noopener\" target=\"_blank\"><img decoding=\"async\" src=\"https:\/\/www.europesays.com\/se\/wp-content\/uploads\/2025\/09\/02d050ee597979434546603eafef71ab.jpg\" border=\"0\" width=\"\" height=\"\" alt=\"Nikon Z f\"\/><\/a><\/p>\n","protected":false},"excerpt":{"rendered":"Prylnytt Den popul\u00e4ra retrokameran Nikon Z f kommer \u00e4ntligen i silver. Det g\u00e5r dessutom att f\u00e5 kl\u00e4dseln i&hellip;\n","protected":false},"author":2,"featured_media":24115,"comment_status":"","ping_status":"","sticky":false,"template":"","format":"standard","meta":{"footnotes":""},"categories":[66],"tags":[1914,80,78,79,34,31,33,32,30,81,84,83,82,2880],"class_list":{"0":"post-24114","1":"post","2":"type-post","3":"status-publish","4":"format-standard","5":"has-post-thumbnail","7":"category-vetenskap-och-teknik","8":"tag-nikon","9":"tag-science","10":"tag-science-and-technology","11":"tag-scienceandtechnology","12":"tag-se","13":"tag-svenska","14":"tag-sverige","15":"tag-sweden","16":"tag-swedish","17":"tag-technology","18":"tag-teknik","19":"tag-vetenskap","20":"tag-vetenskapteknik","21":"tag-z-systemet"},"share_on_mastodon":{"url":"","error":""},"_links":{"self":[{"href":"https:\/\/www.europesays.com\/se\/wp-json\/wp\/v2\/posts\/24114","targetHints":{"allow":["GET"]}}],"collection":[{"href":"https:\/\/www.europesays.com\/se\/wp-json\/wp\/v2\/posts"}],"about":[{"href":"https:\/\/www.europesays.com\/se\/wp-json\/wp\/v2\/types\/post"}],"author":[{"embeddable":true,"href":"https:\/\/www.europesays.com\/se\/wp-json\/wp\/v2\/users\/2"}],"replies":[{"embeddable":true,"href":"https:\/\/www.europesays.com\/se\/wp-json\/wp\/v2\/comments?post=24114"}],"version-history":[{"count":0,"href":"https:\/\/www.europesays.com\/se\/wp-json\/wp\/v2\/posts\/24114\/revisions"}],"wp:featuredmedia":[{"embeddable":true,"href":"https:\/\/www.europesays.com\/se\/wp-json\/wp\/v2\/media\/24115"}],"wp:attachment":[{"href":"https:\/\/www.europesays.com\/se\/wp-json\/wp\/v2\/media?parent=24114"}],"wp:term":[{"taxonomy":"category","embeddable":true,"href":"https:\/\/www.europesays.com\/se\/wp-json\/wp\/v2\/categories?post=24114"},{"taxonomy":"post_tag","embeddable":true,"href":"https:\/\/www.europesays.com\/se\/wp-json\/wp\/v2\/tags?post=24114"}],"curies":[{"name":"wp","href":"https:\/\/api.w.org\/{rel}","templated":true}]}}