{"id":24158,"date":"2025-09-07T10:35:09","date_gmt":"2025-09-07T10:35:09","guid":{"rendered":"https:\/\/www.europesays.com\/se\/24158\/"},"modified":"2025-09-07T10:35:09","modified_gmt":"2025-09-07T10:35:09","slug":"jd-vance-om-anklagelserna-jag-ger-blanka-fan","status":"publish","type":"post","link":"https:\/\/www.europesays.com\/se\/24158\/","title":{"rendered":"JD Vance om anklagelserna\n Jag ger blanka fan"},"content":{"rendered":"<p>Publicerad 7 sep 2025 kl 11.30<\/p>\n<p>I tisdags bombade USA en b\u00e5t fr\u00e5n Venezuela.\u00a0<\/p>\n<p>Ett krigsbrott menar kritikerna, \u201db\u00e4sta s\u00e4ttet att anv\u00e4nda v\u00e5r milit\u00e4r\u201d menar vice president JD Vance som inte ger inte mycket f\u00f6r kritiken.\u00a0<\/p>\n<p>\u201dJag ger blanka fan i vad ni kallar det\u201d, skriver han p\u00e5 X.\u00a0<\/p>\n<p><img loading=\"lazy\"   alt=\"\"\/><\/p>\n<p>JD Vance kommenterar den kontroversiella attacken p\u00e5 X.<\/p>\n<p>Foto: ALEX WROBLEWSKI \/ AP TT NYHETSBYR\u00c5N<\/p>\n<p>\u00d6ppna bild i helsk\u00e4rm<img loading=\"lazy\"   alt=\"\"\/><\/p>\n<p>Flera r\u00f6ster har h\u00f6jts som ifr\u00e5gas\u00e4tter operationens laglighet.<\/p>\n<p>\u00d6ppna bild i helsk\u00e4rm<img loading=\"lazy\"   alt=\"\"\/><\/p>\n<p>Donald Trump och JD Vance.<\/p>\n<p>Foto: ALEX BRANDON \/ AP TT NYHETSBYR\u00c5N<\/p>\n<p>\u00d6ppna bild i helsk\u00e4rm<\/p>\n<p>Trump-administrationen har p\u00e5 det senaste anklagats f\u00f6r krigsbrott i flera uppm\u00e4rksammade milit\u00e4roperationer. Dels avsl\u00f6jade New York Times att att tre civila nordkoreaner sk\u00f6ts ihj\u00e4l n\u00e4r en hemlig milit\u00e4roperation gick snett 2018 och i tisdags dog elva personer efter att USA bombade ett venezuelanskt fartyg.\u00a0<\/p>\n<p>Enligt Donald Trump besk\u00f6ts fartyget d\u00e5 det hade en last av narkotika.<\/p>\n<p>\u2013 Vi f\u00f6rst\u00f6rde fartyget, sa Trump under ett tv-s\u00e4nt framtr\u00e4dande i Vita huset efter operationen.\u00a0<\/p>\n<p>Samtidigt skrev utrikesminister Marco Rubio i sociala medier att ett fartyg attackerats, med h\u00e4nvisning till president Trump. Han h\u00e4vdade ocks\u00e5 att fartyget tillh\u00f6rt ett \u201dterrorist-knarksyndikat\u201d.<\/p>\n<p>\u201dB\u00e4sta anv\u00e4ndningen av v\u00e5r milit\u00e4r\u201d<\/p>\n<p>Nu har <a href=\"https:\/\/www.expressen.se\/tagg\/person\/jd-vance\/\" class=\"\" rel=\"nofollow noopener\" target=\"_blank\">JD Vance<\/a> gett sig in i debatten. I ett inl\u00e4gg p\u00e5 X skriver han att \u201dd\u00f6da kartellmedlemmar som f\u00f6rgiftar v\u00e5ra medborgare \u00e4r den viktigaste och b\u00e4sta anv\u00e4ndningen av v\u00e5r milit\u00e4r.\u201d<\/p>\n<p><a href=\"https:\/\/x.com\/JDVance\/status\/1964341094226743787\" data-provider=\"twitter\" class=\"js-social-embed\" rel=\"nofollow\">https:\/\/x.com\/JDVance\/status\/1964341094226743787<\/a><\/p>\n<p>Som svar p\u00e5 JD Vance inl\u00e4gg kallar poddprofilen Brian Krassenstein agerandet f\u00f6r krigsbrott.\u00a0<\/p>\n<p>\u201dAtt d\u00f6da civila fr\u00e5n en annan nation utan r\u00e4ttslig process kallas f\u00f6r krigsf\u00f6rbrytelse\u201d.\u00a0<\/p>\n<p>Till svar skriver JD Vance:\u00a0<\/p>\n<p>\u201dJag ger blanka fan i vad ni kallar det\u201d.\u00a0<\/p>\n<p>Mary Ellen O&#8217;Connell, expert p\u00e5 internationell r\u00e4tt, anser att den amerikanska operationen strider mot grundl\u00e4ggande principer i internationell r\u00e4tt, skrev NTB tidigare i veckan.<\/p>\n<p>\u2013 Det \u00e4r inte normalt, sa hon till kanalen.\u00a0<\/p>\n","protected":false},"excerpt":{"rendered":"Publicerad 7 sep 2025 kl 11.30 I tisdags bombade USA en b\u00e5t fr\u00e5n Venezuela.\u00a0 Ett krigsbrott menar kritikerna,&hellip;\n","protected":false},"author":2,"featured_media":24159,"comment_status":"","ping_status":"","sticky":false,"template":"","format":"standard","meta":{"footnotes":""},"categories":[14],"tags":[50,22,23,26,27,17,21,24,25,45,28,29,15,16,198,363,18,34,55,31,33,32,30,19,204,60,49,20,51,52,53,54],"class_list":{"0":"post-24158","1":"post","2":"type-post","3":"status-publish","4":"format-standard","5":"has-post-thumbnail","7":"category-varlden","8":"tag-arme-forsvar","9":"tag-breaking-news","10":"tag-breakingnews","11":"tag-featured-news","12":"tag-featurednews","13":"tag-headlines","14":"tag-huvudnyheter","15":"tag-latest-news","16":"tag-latestnews","17":"tag-location-usa","18":"tag-main-news","19":"tag-mainnews","20":"tag-news","21":"tag-nyheter","22":"tag-person-donald-trump","23":"tag-person-jd-vance","24":"tag-rubriker","25":"tag-se","26":"tag-sections-varlden","27":"tag-svenska","28":"tag-sverige","29":"tag-sweden","30":"tag-swedish","31":"tag-top-stories","32":"tag-topic-amerikansk-politik","33":"tag-topic-krig-konflikt","34":"tag-topic-militar","35":"tag-topstories","36":"tag-varlden","37":"tag-world","38":"tag-world-news","39":"tag-worldnews"},"share_on_mastodon":{"url":"","error":""},"_links":{"self":[{"href":"https:\/\/www.europesays.com\/se\/wp-json\/wp\/v2\/posts\/24158","targetHints":{"allow":["GET"]}}],"collection":[{"href":"https:\/\/www.europesays.com\/se\/wp-json\/wp\/v2\/posts"}],"about":[{"href":"https:\/\/www.europesays.com\/se\/wp-json\/wp\/v2\/types\/post"}],"author":[{"embeddable":true,"href":"https:\/\/www.europesays.com\/se\/wp-json\/wp\/v2\/users\/2"}],"replies":[{"embeddable":true,"href":"https:\/\/www.europesays.com\/se\/wp-json\/wp\/v2\/comments?post=24158"}],"version-history":[{"count":0,"href":"https:\/\/www.europesays.com\/se\/wp-json\/wp\/v2\/posts\/24158\/revisions"}],"wp:featuredmedia":[{"embeddable":true,"href":"https:\/\/www.europesays.com\/se\/wp-json\/wp\/v2\/media\/24159"}],"wp:attachment":[{"href":"https:\/\/www.europesays.com\/se\/wp-json\/wp\/v2\/media?parent=24158"}],"wp:term":[{"taxonomy":"category","embeddable":true,"href":"https:\/\/www.europesays.com\/se\/wp-json\/wp\/v2\/categories?post=24158"},{"taxonomy":"post_tag","embeddable":true,"href":"https:\/\/www.europesays.com\/se\/wp-json\/wp\/v2\/tags?post=24158"}],"curies":[{"name":"wp","href":"https:\/\/api.w.org\/{rel}","templated":true}]}}