{"id":24297,"date":"2025-09-07T13:42:07","date_gmt":"2025-09-07T13:42:07","guid":{"rendered":"https:\/\/www.europesays.com\/se\/24297\/"},"modified":"2025-09-07T13:42:07","modified_gmt":"2025-09-07T13:42:07","slug":"celine-diongor-comeback-nasta-ar","status":"publish","type":"post","link":"https:\/\/www.europesays.com\/se\/24297\/","title":{"rendered":"C\u00e9line Dion\ng\u00f6r comeback n\u00e4sta \u00e5r"},"content":{"rendered":"<p>Publicerad 7 sep 2025 kl 14.46Uppdaterad kl 15.13<\/p>\n<p>C\u00e9line Dion har \u00e5terh\u00e4mtat sig b\u00e4ttre \u00e4n v\u00e4ntat.<\/p>\n<p>Enligt en k\u00e4lla till <a href=\"https:\/\/radaronline.com\/p\/celine-dion-comeback-therapy-stiff-person-syndrome\/\" rel=\"nofollow noopener\" target=\"_blank\">RadarOnline<\/a> g\u00f6r artisten comeback n\u00e4sta \u00e5r.\u00a0<\/p>\n<p>\u2013 Hon jobbar h\u00e5rt f\u00f6r att uppn\u00e5 det, s\u00e4ger en k\u00e4lla till sajten.\u00a0<\/p>\n<p>Publicerar video p\u00e5 sociala medier \u2022 Har diagnosen stiff person syndrome<img loading=\"lazy\"   alt=\"\"\/> <\/p>\n<p>Foto: MEGA\/IBL<\/p>\n<p>\u00d6ppna bild i helsk\u00e4rm<img loading=\"lazy\"   alt=\"\"\/> <\/p>\n<p>Foto: Youtube\/\u201dI am: Celine Dion\u201d<\/p>\n<p>\u00d6ppna bild i helsk\u00e4rm<img loading=\"lazy\"   alt=\"\"\/> <\/p>\n<p>Foto: Youtube\/\u201dI am: Celine Dion\u201d<\/p>\n<p>\u00d6ppna bild i helsk\u00e4rm<\/p>\n<p>Det har snart g\u00e5tt tre \u00e5r sedan v\u00e4rldsartisten <a href=\"https:\/\/www.expressen.se\/tagg\/person\/celine-dion\/\" class=\"\" rel=\"nofollow noopener\" target=\"_blank\">C\u00e9line Dion<\/a> st\u00e4llde in sin v\u00e4rldsturn\u00e9 och meddelade att hon drabbats av nervsjukdomen Stiff person syndrome (SPS). Sedan dess har varje dag varit en kamp, vilket bland annat visats i dokument\u00e4ren \u201dI Am: Celine Dion\u201d.\u00a0<\/p>\n<p>Men nu m\u00e5r Dion b\u00e4ttre.\u00a0<\/p>\n<p>I en video som postades p\u00e5 Instagram i mitten av sommaren syntes C\u00e9line Dion dansa i studion till Sebastian Ingrossos remix av hennes l\u00e5t \u201dA new day\u201d.<\/p>\n<p>Vill g\u00f6ra comeback n\u00e4sta \u00e5r<\/p>\n<p>Nu s\u00e4ger en k\u00e4lla till RadarOnline att stj\u00e4rnan \u00e5terh\u00e4mtat sig b\u00e4ttre \u00e4n v\u00e4ntat, \u00e4ven om hon fortfarande har d\u00e5liga dagar.\u00a0<\/p>\n<p>\u2013 Hon m\u00e5r bra, hennes h\u00e4lsa \u00e4r p\u00e5 r\u00e4tt v\u00e4g och hon n\u00e5r de h\u00f6ga tonerna igen. Hon repeterar f\u00f6rsiktigt hemma och forts\u00e4tter med sin fysioterapi f\u00f6r att behandla sin SPS, s\u00e4ger en k\u00e4lla.<\/p>\n<p>Enligt k\u00e4llan \u00e4r remixen med Ingrosso, som sl\u00e4pptes i somras, bara b\u00f6rjan. C\u00e9line Dion vill g\u00f6ra comeback under 2026.\u00a0<\/p>\n<p>\u2013 Det \u00e4r hennes dr\u00f6m och hon jobbar h\u00e5rt f\u00f6r att uppn\u00e5 det. Hon g\u00f6r det hon beh\u00f6ver f\u00f6r att snabba p\u00e5 sin comeback, s\u00e4ger k\u00e4llan.<\/p>\n<p>Se ocks\u00e5 \u2013 det h\u00e4r \u00e4r stiff person syndrome:SPS \u00e4r en autoimmun sjukdom som orsakar stelhet och kramper.<\/p>\n","protected":false},"excerpt":{"rendered":"Publicerad 7 sep 2025 kl 14.46Uppdaterad kl 15.13 C\u00e9line Dion har \u00e5terh\u00e4mtat sig b\u00e4ttre \u00e4n v\u00e4ntat. Enligt en&hellip;\n","protected":false},"author":2,"featured_media":24298,"comment_status":"","ping_status":"","sticky":false,"template":"","format":"standard","meta":{"footnotes":""},"categories":[67],"tags":[104,2574,34,775,31,33,32,30,402,310,105],"class_list":{"0":"post-24297","1":"post","2":"type-post","3":"status-publish","4":"format-standard","5":"has-post-thumbnail","7":"category-underhallning","8":"tag-entertainment","9":"tag-person-celine-dion","10":"tag-se","11":"tag-sections-musik","12":"tag-svenska","13":"tag-sverige","14":"tag-sweden","15":"tag-swedish","16":"tag-topic-artister","17":"tag-topic-kandisar","18":"tag-underhallning"},"share_on_mastodon":{"url":"","error":""},"_links":{"self":[{"href":"https:\/\/www.europesays.com\/se\/wp-json\/wp\/v2\/posts\/24297","targetHints":{"allow":["GET"]}}],"collection":[{"href":"https:\/\/www.europesays.com\/se\/wp-json\/wp\/v2\/posts"}],"about":[{"href":"https:\/\/www.europesays.com\/se\/wp-json\/wp\/v2\/types\/post"}],"author":[{"embeddable":true,"href":"https:\/\/www.europesays.com\/se\/wp-json\/wp\/v2\/users\/2"}],"replies":[{"embeddable":true,"href":"https:\/\/www.europesays.com\/se\/wp-json\/wp\/v2\/comments?post=24297"}],"version-history":[{"count":0,"href":"https:\/\/www.europesays.com\/se\/wp-json\/wp\/v2\/posts\/24297\/revisions"}],"wp:featuredmedia":[{"embeddable":true,"href":"https:\/\/www.europesays.com\/se\/wp-json\/wp\/v2\/media\/24298"}],"wp:attachment":[{"href":"https:\/\/www.europesays.com\/se\/wp-json\/wp\/v2\/media?parent=24297"}],"wp:term":[{"taxonomy":"category","embeddable":true,"href":"https:\/\/www.europesays.com\/se\/wp-json\/wp\/v2\/categories?post=24297"},{"taxonomy":"post_tag","embeddable":true,"href":"https:\/\/www.europesays.com\/se\/wp-json\/wp\/v2\/tags?post=24297"}],"curies":[{"name":"wp","href":"https:\/\/api.w.org\/{rel}","templated":true}]}}