{"id":242981,"date":"2026-05-11T06:41:10","date_gmt":"2026-05-11T06:41:10","guid":{"rendered":"https:\/\/www.europesays.com\/se\/242981\/"},"modified":"2026-05-11T06:41:10","modified_gmt":"2026-05-11T06:41:10","slug":"nya-funktionen-i-swish-dela-pa-notan-i-appen","status":"publish","type":"post","link":"https:\/\/www.europesays.com\/se\/242981\/","title":{"rendered":"Nya funktionen i Swish \u2013 dela p\u00e5 notan i appen"},"content":{"rendered":"<p>Publicerad 11 maj 2026 kl 08.24<\/p>\n<p>Swish har lanserat en ny funktion.\u00a0<\/p>\n<p>Den nya funktionen ska g\u00f6ra det smidigare att l\u00e4gga ut pengar, skriver Swish i ett pressmeddelande.\u00a0<\/p>\n<p><img   alt=\"\"\/><\/p>\n<p>L\u00e4ttare att dela p\u00e5 notan med ny funktion p\u00e5 Swish.<\/p>\n<p>Foto: Henrik Montgomery \/ TT NYHETSBYR\u00c5N<\/p>\n<p>\u00d6ppna bild i helsk\u00e4rm<\/p>\n<p>En ny funktion p\u00e5 <a href=\"https:\/\/www.expressen.se\/tagg\/organization\/swish\/\" class=\"\" rel=\"nofollow noopener\" target=\"_blank\">Swish<\/a> g\u00f6r att man kan skicka betalningsf\u00f6rfr\u00e5gningar till upp till tio personer samtidigt.\u00a0<\/p>\n<p>Anv\u00e4ndaren l\u00e4gger in totalbeloppet och v\u00e4ljer vilka som ska vara med och dela och varje person f\u00e5r en f\u00f6rfr\u00e5gan \u2013 och p\u00e5minnelse om de inte betalar, skriver Swish i ett pressmeddelande.\u00a0<\/p>\n<p>\u2013 Att be n\u00e5gon swisha tillbaka kan vara lite skavigt och jobbigt. Med den h\u00e4r funktionen har vi plockat bort det steget genom att l\u00e5ta appen sk\u00f6ta det \u00e5t en, s\u00e4ger Urban H\u00f6glund, vd.<\/p>\n<p><img loading=\"lazy\"   alt=\"\"\/> <\/p>\n<p>Foto: Swish<\/p>\n<p>\u00d6ppna bild i helsk\u00e4rm<\/p>\n","protected":false},"excerpt":{"rendered":"Publicerad 11 maj 2026 kl 08.24 Swish har lanserat en ny funktion.\u00a0 Den nya funktionen ska g\u00f6ra det&hellip;\n","protected":false},"author":2,"featured_media":242982,"comment_status":"","ping_status":"","sticky":false,"template":"","format":"standard","meta":{"footnotes":"","_share_on_mastodon":"0"},"categories":[67],"tags":[104,2540,34,607,31,33,32,30,105],"class_list":["post-242981","post","type-post","status-publish","format-standard","has-post-thumbnail","category-underhallning","tag-entertainment","tag-organization-swish","tag-se","tag-sections-konsument","tag-svenska","tag-sverige","tag-sweden","tag-swedish","tag-underhallning"],"share_on_mastodon":{"url":"https:\/\/pubeurope.com\/@se\/116554582338141465","error":""},"_links":{"self":[{"href":"https:\/\/www.europesays.com\/se\/wp-json\/wp\/v2\/posts\/242981","targetHints":{"allow":["GET"]}}],"collection":[{"href":"https:\/\/www.europesays.com\/se\/wp-json\/wp\/v2\/posts"}],"about":[{"href":"https:\/\/www.europesays.com\/se\/wp-json\/wp\/v2\/types\/post"}],"author":[{"embeddable":true,"href":"https:\/\/www.europesays.com\/se\/wp-json\/wp\/v2\/users\/2"}],"replies":[{"embeddable":true,"href":"https:\/\/www.europesays.com\/se\/wp-json\/wp\/v2\/comments?post=242981"}],"version-history":[{"count":0,"href":"https:\/\/www.europesays.com\/se\/wp-json\/wp\/v2\/posts\/242981\/revisions"}],"wp:featuredmedia":[{"embeddable":true,"href":"https:\/\/www.europesays.com\/se\/wp-json\/wp\/v2\/media\/242982"}],"wp:attachment":[{"href":"https:\/\/www.europesays.com\/se\/wp-json\/wp\/v2\/media?parent=242981"}],"wp:term":[{"taxonomy":"category","embeddable":true,"href":"https:\/\/www.europesays.com\/se\/wp-json\/wp\/v2\/categories?post=242981"},{"taxonomy":"post_tag","embeddable":true,"href":"https:\/\/www.europesays.com\/se\/wp-json\/wp\/v2\/tags?post=242981"}],"curies":[{"name":"wp","href":"https:\/\/api.w.org\/{rel}","templated":true}]}}