{"id":24354,"date":"2025-09-07T15:32:07","date_gmt":"2025-09-07T15:32:07","guid":{"rendered":"https:\/\/www.europesays.com\/se\/24354\/"},"modified":"2025-09-07T15:32:07","modified_gmt":"2025-09-07T15:32:07","slug":"har-ar-detaljerna-som-kan-avsloja-en-ai-genererad-bild","status":"publish","type":"post","link":"https:\/\/www.europesays.com\/se\/24354\/","title":{"rendered":"H\u00e4r \u00e4r detaljerna som kan avsl\u00f6ja en AI-genererad bild"},"content":{"rendered":"<p>Publicerad 7 sep 2025 kl 17.00Uppdaterad kl 17.21<\/p>\n<p>PremiumG\u00e5r det alltid att avsl\u00f6ja en AI-genererad bild? Nej. Tekniken har blivit f\u00f6r bra. Med det inte sagt att det alltid \u00e4r om\u00f6jligt. Kan du till exempel avg\u00f6ra \u00e4ktheten i bilderna h\u00e4r ovanf\u00f6r?<\/p>\n<p>L\u00e4s vidare s\u00e5 f\u00e5r du svaret.<\/p>\n<p> S\u00e5 d\u00e5ligt funkar onlineverktygen.<\/p>\n<p> Fenomenet \u201dfel antal fingrar\u201d allt mer ovanligt.<\/p>\n<p> Det s\u00e4ger AI-experten.<\/p>\n<p><img   alt=\"\"\/>\u00d6ppna bild i helsk\u00e4rm<\/p>\n","protected":false},"excerpt":{"rendered":"Publicerad 7 sep 2025 kl 17.00Uppdaterad kl 17.21 PremiumG\u00e5r det alltid att avsl\u00f6ja en AI-genererad bild? Nej. Tekniken&hellip;\n","protected":false},"author":2,"featured_media":24355,"comment_status":"","ping_status":"","sticky":false,"template":"","format":"standard","meta":{"footnotes":""},"categories":[65],"tags":[72,70,71,2901,62,1917,103,34,61,31,33,32,30,64,63],"class_list":{"0":"post-24354","1":"post","2":"type-post","3":"status-publish","4":"format-standard","5":"has-post-thumbnail","7":"category-ekonomi","8":"tag-business","9":"tag-economy","10":"tag-ekonomi","11":"tag-function-premium-tech","12":"tag-organization-google","13":"tag-organization-open-ai","14":"tag-premium","15":"tag-se","16":"tag-sections-tech","17":"tag-svenska","18":"tag-sverige","19":"tag-sweden","20":"tag-swedish","21":"tag-topic-artificiell-intelligens","22":"tag-topic-teknik-elektronik"},"share_on_mastodon":{"url":"","error":""},"_links":{"self":[{"href":"https:\/\/www.europesays.com\/se\/wp-json\/wp\/v2\/posts\/24354","targetHints":{"allow":["GET"]}}],"collection":[{"href":"https:\/\/www.europesays.com\/se\/wp-json\/wp\/v2\/posts"}],"about":[{"href":"https:\/\/www.europesays.com\/se\/wp-json\/wp\/v2\/types\/post"}],"author":[{"embeddable":true,"href":"https:\/\/www.europesays.com\/se\/wp-json\/wp\/v2\/users\/2"}],"replies":[{"embeddable":true,"href":"https:\/\/www.europesays.com\/se\/wp-json\/wp\/v2\/comments?post=24354"}],"version-history":[{"count":0,"href":"https:\/\/www.europesays.com\/se\/wp-json\/wp\/v2\/posts\/24354\/revisions"}],"wp:featuredmedia":[{"embeddable":true,"href":"https:\/\/www.europesays.com\/se\/wp-json\/wp\/v2\/media\/24355"}],"wp:attachment":[{"href":"https:\/\/www.europesays.com\/se\/wp-json\/wp\/v2\/media?parent=24354"}],"wp:term":[{"taxonomy":"category","embeddable":true,"href":"https:\/\/www.europesays.com\/se\/wp-json\/wp\/v2\/categories?post=24354"},{"taxonomy":"post_tag","embeddable":true,"href":"https:\/\/www.europesays.com\/se\/wp-json\/wp\/v2\/tags?post=24354"}],"curies":[{"name":"wp","href":"https:\/\/api.w.org\/{rel}","templated":true}]}}