{"id":24387,"date":"2025-09-07T17:22:36","date_gmt":"2025-09-07T17:22:36","guid":{"rendered":"https:\/\/www.europesays.com\/se\/24387\/"},"modified":"2025-09-07T17:22:36","modified_gmt":"2025-09-07T17:22:36","slug":"atervander-till-skelleftea-efter-skadekrisen","status":"publish","type":"post","link":"https:\/\/www.europesays.com\/se\/24387\/","title":{"rendered":"\u00c5terv\u00e4nder till Skellefte\u00e5 \u2013 efter skadekrisen"},"content":{"rendered":"<p><strong><a href=\"https:\/\/hockeysverige.se\/spelare\/linus-soderstrom\/\" rel=\"nofollow noopener\" target=\"_blank\">Linus S\u00f6derstr\u00f6m<\/a> v\u00e4ntas vara borta resten av \u00e5ret samtidigt som \u00e4ven <a href=\"https:\/\/hockeysverige.se\/spelare\/gustaf-lindvall\/\" rel=\"nofollow noopener\" target=\"_blank\">Gustaf Lindvall<\/a> \u00e4r skadad. Nu har Skellefte\u00e5 agerat och gjort klart med en \u00e5terkomst f\u00f6r Strauss Mann.<\/strong><\/p>\n<p><img loading=\"lazy\" decoding=\"async\" width=\"1000\" height=\"643\" src=\"https:\/\/www.europesays.com\/se\/wp-content\/uploads\/2025\/09\/Strauss-Mann.webp.webp\" alt=\"\" class=\"wp-image-301975\"  \/>Strauss Mann uppges vara p\u00e5 v\u00e4g tillbaka till Skellefte\u00e5.<br \/><strong>Foto: <\/strong>Ola Westerberg \/ Bildbyr\u00e5n.<\/p>\n<p>M\u00e5lvaktskris med en vecka kvar till premi\u00e4ren. Skellefte\u00e5 har inte haft n\u00e5gon lugn och ro inf\u00f6r s\u00e4songen d\u00e5 b\u00e5de Gustaf Lindvall och Linus S\u00f6derstr\u00f6m varit skadade. D\u00e4r den sistn\u00e4mnda ocks\u00e5 v\u00e4ntas vara borta resten av \u00e5ret.<\/p>\n<p>Det l\u00e4mnar v\u00e4sterbottningarna med endast nyf\u00f6rv\u00e4rvet Jani Lampinen, 22 \u00e5r. Som backup har Anton Ringquist, f\u00f6dd 2006, kallats in fr\u00e5n J20-laget.<\/p>\n<p>D\u00e4rav har det inte varit n\u00e5gon hemlighet att Skellefte\u00e5 letar efter en krisl\u00f6sning. Nu har de ocks\u00e5 ha hittat en s\u00e5dan. Strauss Mann kommer att g\u00f6ra comeback i SHL-klubben. M\u00e5lvakten spelade f\u00f6r Skellefte\u00e5 s\u00e4songen 21\/22 och var d\u00e5 framg\u00e5ngsrik. Det blev ocks\u00e5 OS- och VM-spel f\u00f6r USA under samma s\u00e4song.<\/p>\n<p>Sedan dess har det blivit spel i AHL och ECHL innan 27-\u00e5ringen f\u00f6rra s\u00e4songen gick till Tyskland.<\/p>\n<p>Och nu ser blir det allts\u00e5 en \u00e5terkomst till svensk hockey f\u00f6r Strauss Mann.<\/p>\n<p> Source: <a href=\"https:\/\/www.eliteprospects.com\/player\/288166\/strauss-mann\" target=\"_blank\" rel=\"noopener noreferrer nofollow\">Strauss Mann<\/a> @ Elite Prospects<\/p>\n","protected":false},"excerpt":{"rendered":"Linus S\u00f6derstr\u00f6m v\u00e4ntas vara borta resten av \u00e5ret samtidigt som \u00e4ven Gustaf Lindvall \u00e4r skadad. Nu har Skellefte\u00e5&hellip;\n","protected":false},"author":2,"featured_media":24388,"comment_status":"","ping_status":"","sticky":false,"template":"","format":"standard","meta":{"footnotes":""},"categories":[5],"tags":[22,23,26,27,17,21,24,25,28,29,15,16,18,34,133,134,31,33,32,30,19,20],"class_list":{"0":"post-24387","1":"post","2":"type-post","3":"status-publish","4":"format-standard","5":"has-post-thumbnail","7":"category-rubriker","8":"tag-breaking-news","9":"tag-breakingnews","10":"tag-featured-news","11":"tag-featurednews","12":"tag-headlines","13":"tag-huvudnyheter","14":"tag-latest-news","15":"tag-latestnews","16":"tag-main-news","17":"tag-mainnews","18":"tag-news","19":"tag-nyheter","20":"tag-rubriker","21":"tag-se","22":"tag-second-news","23":"tag-shl","24":"tag-svenska","25":"tag-sverige","26":"tag-sweden","27":"tag-swedish","28":"tag-top-stories","29":"tag-topstories"},"share_on_mastodon":{"url":"","error":""},"_links":{"self":[{"href":"https:\/\/www.europesays.com\/se\/wp-json\/wp\/v2\/posts\/24387","targetHints":{"allow":["GET"]}}],"collection":[{"href":"https:\/\/www.europesays.com\/se\/wp-json\/wp\/v2\/posts"}],"about":[{"href":"https:\/\/www.europesays.com\/se\/wp-json\/wp\/v2\/types\/post"}],"author":[{"embeddable":true,"href":"https:\/\/www.europesays.com\/se\/wp-json\/wp\/v2\/users\/2"}],"replies":[{"embeddable":true,"href":"https:\/\/www.europesays.com\/se\/wp-json\/wp\/v2\/comments?post=24387"}],"version-history":[{"count":0,"href":"https:\/\/www.europesays.com\/se\/wp-json\/wp\/v2\/posts\/24387\/revisions"}],"wp:featuredmedia":[{"embeddable":true,"href":"https:\/\/www.europesays.com\/se\/wp-json\/wp\/v2\/media\/24388"}],"wp:attachment":[{"href":"https:\/\/www.europesays.com\/se\/wp-json\/wp\/v2\/media?parent=24387"}],"wp:term":[{"taxonomy":"category","embeddable":true,"href":"https:\/\/www.europesays.com\/se\/wp-json\/wp\/v2\/categories?post=24387"},{"taxonomy":"post_tag","embeddable":true,"href":"https:\/\/www.europesays.com\/se\/wp-json\/wp\/v2\/tags?post=24387"}],"curies":[{"name":"wp","href":"https:\/\/api.w.org\/{rel}","templated":true}]}}