{"id":24551,"date":"2025-09-08T03:13:36","date_gmt":"2025-09-08T03:13:36","guid":{"rendered":"https:\/\/www.europesays.com\/se\/24551\/"},"modified":"2025-09-08T03:13:36","modified_gmt":"2025-09-08T03:13:36","slug":"en-gripen-for-skjutningen-i-alby","status":"publish","type":"post","link":"https:\/\/www.europesays.com\/se\/24551\/","title":{"rendered":"En gripen f\u00f6r skjutningen i Alby"},"content":{"rendered":"<p>Publicerad 7 sep 2025 kl 08.54Uppdaterad kl 10.01<\/p>\n<p>En ton\u00e5rspojke har gripits p\u00e5 annan ort efter skotten i Alby, Botkyrka, enligt Aftonbladets uppgifter.<\/p>\n<p>\u00c5klagarmyndigheten bekr\u00e4ftar att en person \u00e4r anh\u00e5llen.<\/p>\n<p>Se filmen: H\u00e4r flyr skytten i t-banan<img   alt=\"\"\/> <\/p>\n<p>Foto: Janne \u00c5kesson \/ Swepix<\/p>\n<p>\u00d6ppna bild i helsk\u00e4rm<\/p>\n<p>Det var i fredags som skott avlossades och kaos br\u00f6t ut p\u00e5 <a href=\"https:\/\/www.expressen.se\/tagg\/location\/alby\/\" class=\"\" rel=\"nofollow noopener\" target=\"_blank\">Albys<\/a> tunnelbanestation. En man tr\u00e4ffades och skadades allvarligt.\u00a0<\/p>\n<p>Tunnelbanetrafiken stoppades och folk flydde i panik. Polisen inledde direkt en jakt efter g\u00e4rningsmannen.<\/p>\n<p>Nu har en person anh\u00e5llits, s\u00e4ger \u00c5klagarmyndighetens presstj\u00e4nst p\u00e5 s\u00f6ndagsmorgonen.<\/p>\n<p>Personen \u00e4r nu anh\u00e5llen misst\u00e4nkt f\u00f6r mordf\u00f6rs\u00f6k och grovt vapenbrott.<\/p>\n<p>Myndigheten vill inte g\u00e5 in p\u00e5 n\u00e5gra uppgifter om k\u00f6n eller \u00e5lder p\u00e5 den gripna. Enligt <a href=\"https:\/\/www.aftonbladet.se\/nyheter\/a\/qPjWB0\/uppgifter-pojke-gripen-for-skjutning-i-alby\" rel=\"nofollow noopener\" target=\"_blank\">Aftonbladets uppgifter<\/a> r\u00f6r det sig om en ton\u00e5rspojke som greps p\u00e5 en annan ort.<\/p>\n","protected":false},"excerpt":{"rendered":"Publicerad 7 sep 2025 kl 08.54Uppdaterad kl 10.01 En ton\u00e5rspojke har gripits p\u00e5 annan ort efter skotten i&hellip;\n","protected":false},"author":2,"featured_media":24552,"comment_status":"","ping_status":"","sticky":false,"template":"","format":"standard","meta":{"footnotes":""},"categories":[5],"tags":[22,23,26,27,17,21,24,25,2778,135,28,29,15,16,18,34,666,31,33,32,30,19,668,436,20],"class_list":{"0":"post-24551","1":"post","2":"type-post","3":"status-publish","4":"format-standard","5":"has-post-thumbnail","7":"category-rubriker","8":"tag-breaking-news","9":"tag-breakingnews","10":"tag-featured-news","11":"tag-featurednews","12":"tag-headlines","13":"tag-huvudnyheter","14":"tag-latest-news","15":"tag-latestnews","16":"tag-location-alby","17":"tag-location-stockholm","18":"tag-main-news","19":"tag-mainnews","20":"tag-news","21":"tag-nyheter","22":"tag-rubriker","23":"tag-se","24":"tag-sections-krim","25":"tag-svenska","26":"tag-sverige","27":"tag-sweden","28":"tag-swedish","29":"tag-top-stories","30":"tag-topic-gangkriminalitet","31":"tag-topic-valdsbrott-mord","32":"tag-topstories"},"share_on_mastodon":{"url":"","error":""},"_links":{"self":[{"href":"https:\/\/www.europesays.com\/se\/wp-json\/wp\/v2\/posts\/24551","targetHints":{"allow":["GET"]}}],"collection":[{"href":"https:\/\/www.europesays.com\/se\/wp-json\/wp\/v2\/posts"}],"about":[{"href":"https:\/\/www.europesays.com\/se\/wp-json\/wp\/v2\/types\/post"}],"author":[{"embeddable":true,"href":"https:\/\/www.europesays.com\/se\/wp-json\/wp\/v2\/users\/2"}],"replies":[{"embeddable":true,"href":"https:\/\/www.europesays.com\/se\/wp-json\/wp\/v2\/comments?post=24551"}],"version-history":[{"count":0,"href":"https:\/\/www.europesays.com\/se\/wp-json\/wp\/v2\/posts\/24551\/revisions"}],"wp:featuredmedia":[{"embeddable":true,"href":"https:\/\/www.europesays.com\/se\/wp-json\/wp\/v2\/media\/24552"}],"wp:attachment":[{"href":"https:\/\/www.europesays.com\/se\/wp-json\/wp\/v2\/media?parent=24551"}],"wp:term":[{"taxonomy":"category","embeddable":true,"href":"https:\/\/www.europesays.com\/se\/wp-json\/wp\/v2\/categories?post=24551"},{"taxonomy":"post_tag","embeddable":true,"href":"https:\/\/www.europesays.com\/se\/wp-json\/wp\/v2\/tags?post=24551"}],"curies":[{"name":"wp","href":"https:\/\/api.w.org\/{rel}","templated":true}]}}