{"id":24584,"date":"2025-09-08T05:42:10","date_gmt":"2025-09-08T05:42:10","guid":{"rendered":"https:\/\/www.europesays.com\/se\/24584\/"},"modified":"2025-09-08T05:42:10","modified_gmt":"2025-09-08T05:42:10","slug":"svampmordaren-doms-till-livstids-fangelse","status":"publish","type":"post","link":"https:\/\/www.europesays.com\/se\/24584\/","title":{"rendered":"Svampm\u00f6rdaren d\u00f6ms till livstids f\u00e4ngelse"},"content":{"rendered":"<p>Publicerad 8 sep 2025 kl 05.16Uppdaterad kl 07.17<\/p>\n<p>Svampm\u00f6rdaren Erin Patterson, 50, f\u00e5r sitta minst 33 \u00e5r i f\u00e4ngelse.<\/p>\n<p>Hon d\u00f6ms f\u00f6r trippelmord och mordf\u00f6rs\u00f6k p\u00e5 fyra sl\u00e4ktingar.<\/p>\n<p>\u2013 Din of\u00f6rm\u00e5ga att visa n\u00e5gon \u00e5nger str\u00f6r salt i alla offrens s\u00e5r, s\u00e4ger domaren<\/p>\n<p><img   alt=\"\"\/><\/p>\n<p>Erin Patterson d\u00f6ms till livstids f\u00e4ngelse f\u00f6r trippelmordet p\u00e5 sina sl\u00e4ktingar.<\/p>\n<p>\u00d6ppna bild i helsk\u00e4rm<img loading=\"lazy\"   alt=\"\"\/><\/p>\n<p>Patterson har hela tiden nekat till brott.<\/p>\n<p>Foto: JASON SOUTH \/ AP\/ TT<\/p>\n<p>\u00d6ppna bild i helsk\u00e4rm<\/p>\n<p>\u00a0I juli 2023 bj\u00f6d Erin Patterson fyra sl\u00e4ktingar p\u00e5 lunch. Kort d\u00e4rp\u00e5 insjuknade de pl\u00f6tsligt. Gail hade Serverat dem beef Wellington \u2013 spetsad med l\u00f6mska flugsvampar.<\/p>\n<p>G\u00e4sterna var hennes exmans f\u00f6r\u00e4ldrar, Don och Gail Patterson,70 \u00e5r gamla, Dons syster Heather Wilkinson, 66, och Heather Wilkinsons man Ian Wilkinson.<\/p>\n<p>Ian Wilkinson var <a href=\"https:\/\/www.expressen.se\/nyheter\/varlden\/svampmorden-chockade-australien-overlevarens-ord\/\" rel=\"nofollow noopener\" target=\"_blank\">den enda som \u00f6verlevde<\/a> \u2013 efter flera veckors v\u00e5rd p\u00e5 sjukhus.\u00a0<\/p>\n<p>I juli <a href=\"https:\/\/www.expressen.se\/nyheter\/varlden\/forgiftade-slakten-erin--patterson-doms-for-mord\/\" rel=\"nofollow noopener\" target=\"_blank\">d\u00f6mdes hon f\u00f6r tre fall av mord<\/a> och ett fall av f\u00f6rs\u00f6k till mord och nu har straffet meddelats.<\/p>\n<p>Patterson f\u00e5r livstids f\u00e4ngelse f\u00f6r de tre morden, rapporterar australiska <a href=\"https:\/\/www.abc.net.au\/news\/2025-09-08\/mushroom-murderer-erin-patterson-sentenced-to-life-in-prison\/105735360\" rel=\"nofollow noopener\" target=\"_blank\">ABC News<\/a>. Hon f\u00e5r \u00e4ven 25 \u00e5rs f\u00e4ngelse f\u00f6r mordf\u00f6rs\u00f6ket p\u00e5 Heather Wilkinsons make Ian.<\/p>\n<p>Domaren Christopher Beale l\u00e4t henne dock komma undan det allra h\u00e5rdaste straffet: Livstid utan m\u00f6jlighet till villkorlig frigivning. I st\u00e4llet slog han fast att hon ska sitta minst 33 \u00e5r innan saken kan pr\u00f6vas.<\/p>\n<p>Inget motiv har framkommit<\/p>\n<p>I domstolen i Melbourne kallade Beale hennes brott f\u00f6r ett \u201denormt svek\u201d.<\/p>\n<p>\u2013 Du avslutade inte bara tre liv i f\u00f6rtid och orsakade best\u00e5ende skador p\u00e5 Ian Wilkinsons h\u00e4lsa, vilket drabbade b\u00e5da familjerna h\u00e5rt. Du orsakade ocks\u00e5 oupph\u00f6rligt lidande f\u00f6r dina egna barn, som du ber\u00f6vade deras \u00e4lskade mor- och farf\u00f6r\u00e4ldrar, s\u00e4ger han.<\/p>\n<p>N\u00e5got motiv har inte framkommit och Patterson sj\u00e4lv har nekat till brott och h\u00e4vdat att det var en olycksh\u00e4ndelse.<\/p>\n<p>\u2013 Det \u00e4r uppenbart att juryn var \u00f6vertygad bortom rimligt tvivel om att du begick de p\u00e5st\u00e5dda brotten. Endast du vet varf\u00f6r du begick dem.<\/p>\n<p>Efter domen talade Ian Wilkinson om sin tacksamhet gentemot poliserna som utrett morden och v\u00e5rden som tog hand om honom och hans sl\u00e4ktingar n\u00e4r deras tillst\u00e5nd blev allt s\u00e4mre.<\/p>\n<p>\u2013 Jag vill uppmuntra alla inblandade att forts\u00e4tta komma och tj\u00e4na andra: v\u00e5ra liv och v\u00e5rt samh\u00e4lles liv beror p\u00e5 andras godhet. Jag vill uppmuntra alla att vara sn\u00e4lla mot varandra.<\/p>\n<p><strong>L\u00c4S MER: <\/strong><a href=\"https:\/\/www.expressen.se\/nyheter\/varlden\/svampmorden-chockade-australien-nya-uppgifter\/\" class=\"\" rel=\"nofollow noopener\" target=\"_blank\">Makens misstanke: Blev f\u00f6rgiftad flera g\u00e5nger<\/a><\/p>\n","protected":false},"excerpt":{"rendered":"Publicerad 8 sep 2025 kl 05.16Uppdaterad kl 07.17 Svampm\u00f6rdaren Erin Patterson, 50, f\u00e5r sitta minst 33 \u00e5r i&hellip;\n","protected":false},"author":2,"featured_media":24585,"comment_status":"","ping_status":"","sticky":false,"template":"","format":"standard","meta":{"footnotes":""},"categories":[5],"tags":[22,23,26,27,17,21,24,25,1995,28,29,15,16,18,34,55,31,33,32,30,19,136,436,20],"class_list":{"0":"post-24584","1":"post","2":"type-post","3":"status-publish","4":"format-standard","5":"has-post-thumbnail","7":"category-rubriker","8":"tag-breaking-news","9":"tag-breakingnews","10":"tag-featured-news","11":"tag-featurednews","12":"tag-headlines","13":"tag-huvudnyheter","14":"tag-latest-news","15":"tag-latestnews","16":"tag-location-australien","17":"tag-main-news","18":"tag-mainnews","19":"tag-news","20":"tag-nyheter","21":"tag-rubriker","22":"tag-se","23":"tag-sections-varlden","24":"tag-svenska","25":"tag-sverige","26":"tag-sweden","27":"tag-swedish","28":"tag-top-stories","29":"tag-topic-rattegangar-domar","30":"tag-topic-valdsbrott-mord","31":"tag-topstories"},"share_on_mastodon":{"url":"","error":""},"_links":{"self":[{"href":"https:\/\/www.europesays.com\/se\/wp-json\/wp\/v2\/posts\/24584","targetHints":{"allow":["GET"]}}],"collection":[{"href":"https:\/\/www.europesays.com\/se\/wp-json\/wp\/v2\/posts"}],"about":[{"href":"https:\/\/www.europesays.com\/se\/wp-json\/wp\/v2\/types\/post"}],"author":[{"embeddable":true,"href":"https:\/\/www.europesays.com\/se\/wp-json\/wp\/v2\/users\/2"}],"replies":[{"embeddable":true,"href":"https:\/\/www.europesays.com\/se\/wp-json\/wp\/v2\/comments?post=24584"}],"version-history":[{"count":0,"href":"https:\/\/www.europesays.com\/se\/wp-json\/wp\/v2\/posts\/24584\/revisions"}],"wp:featuredmedia":[{"embeddable":true,"href":"https:\/\/www.europesays.com\/se\/wp-json\/wp\/v2\/media\/24585"}],"wp:attachment":[{"href":"https:\/\/www.europesays.com\/se\/wp-json\/wp\/v2\/media?parent=24584"}],"wp:term":[{"taxonomy":"category","embeddable":true,"href":"https:\/\/www.europesays.com\/se\/wp-json\/wp\/v2\/categories?post=24584"},{"taxonomy":"post_tag","embeddable":true,"href":"https:\/\/www.europesays.com\/se\/wp-json\/wp\/v2\/tags?post=24584"}],"curies":[{"name":"wp","href":"https:\/\/api.w.org\/{rel}","templated":true}]}}