{"id":24603,"date":"2025-09-08T07:05:19","date_gmt":"2025-09-08T07:05:19","guid":{"rendered":"https:\/\/www.europesays.com\/se\/24603\/"},"modified":"2025-09-08T07:05:19","modified_gmt":"2025-09-08T07:05:19","slug":"recension-av-christina-ouzounidis-krona-en-drottning-med-robert-fux","status":"publish","type":"post","link":"https:\/\/www.europesays.com\/se\/24603\/","title":{"rendered":"Recension av Christina Ouzounidis \u201dKr\u00f6na en drottning\u201d med Robert Fux"},"content":{"rendered":"<p>Publicerad 7 sep 2025 kl 14.00Uppdaterad 8 sep kl 08.33<\/p>\n<p>Christina Ouzounidis har specialskrivit sin nya monolog till Robert Fux.<\/p>\n<p>Maria Edstr\u00f6m ser honom fylla scenen med imponerande auktoritet.<\/p>\n<p><img   alt=\"\"\/><\/p>\n<p>Drottninglik. Robert Fux p\u00e5 scen i Christina Ouzounidis monolog.<\/p>\n<p>Foto: Leonard Stenberg \/ Kulturhuset Stadsteatern<\/p>\n<p>\u00d6ppna bild i helsk\u00e4rm<\/p>\n<p><strong>RECENSION.<\/strong> \u00a0\u201dKr\u00f6na en drottning\u201d heter <strong>Christina Ouzounidis<\/strong> monolog \u2013 allts\u00e5 att ge n\u00e5gon makten och h\u00e4r med femininitetens alla insignier. <strong>Robert Fux<\/strong> blivande drottning st\u00e5r p\u00e5 ett podium i l\u00e5ng kl\u00e4nning med enormt sl\u00e4p och en tiara av r\u00f6da stj\u00e4rnor som en gloria runt det l\u00e5nga r\u00f6da h\u00e5ret, Som en rockikon, en dr\u00f6mmig \u00e4ngel, en projektion av det fullkomliga. En lady queen.\u00a0<\/p>\n<p>Men det har inte varit l\u00e4tt att n\u00e5 dit, att bygga upp denna bild av det gudomliga, av denna uppenbarelse, denna vackra form som nu kan ges makt. Det framg\u00e5r av texten som p\u00e5 Ouzounidis sedvanliga vis slingrar sig runt spr\u00e5kets och ordens sj\u00e4lva maktut\u00f6vning. Fux s\u00e4tter direkt tonen, vet precis hur att pendla mellan styrka och svaghet, f\u00f6rtvivlan och humor. Kommentaren om kl\u00e4nningens alla vackra material, till exempel duchessen \u201dmen \u00e4r inte det potatis?\u201d\u00a0<\/p>\n<p>Pj\u00e4sen \u00e4r specialskriven till Fux och bygger vidare p\u00e5 tv\u00e5 av Ouzounidis tidigare pj\u00e4ser, \u201dOrdet \u2013 k\u00f6tt\u201d och \u201dHeterofil\u201d och delar ur dessa dyker upp med sina teman kring makten att beskriva, makten att till\u00e5ta n\u00e5gon att vara det den vill och makten i beskriva sig sj\u00e4lv i negationer f\u00f6r att inte l\u00e5ta sig definieras.\u00a0<\/p>\n<p>\u201dJag \u00e4r ingen som beh\u00f6ver ber\u00e4ttigas bekr\u00e4ftas f\u00f6rklaras av n\u00e5gon annan.\u201d\u00a0<\/p>\n<p>F\u00f6renklat kan man s\u00e4ga att Ouzounidis verk i n\u00e5gon mening alltid handlar om det d\u00e4r gamla tolkningsf\u00f6retr\u00e4det. \u00a0<\/p>\n<p>\u201dKr\u00f6na en drottning\u201d blir med sin recycling, i alla fall f\u00f6r oss Ouzounidis-n\u00f6rdar, kanske inte dramatikerns mest \u00f6verraskande. Men med Fux har hon en sk\u00e5despelare som med imponerande auktoritet kan spela allt fr\u00e5n maskulinitet till femininitet och som kan hantera stycken d\u00e4r \u201dv\u00e5r uppfattning om verkligheten blir till genom spr\u00e5ket\u201d som det heter i pj\u00e4sen \u201dHeterofil\u201d.<\/p>\n<p>Sj\u00e4lv skulle jag g\u00e4rna se just den pj\u00e4sen spelad p\u00e5 nytt. Dess subversiva kraft p\u00e5 den internationella scenen har snarare \u00f6kat \u00e4n avtagit.<\/p>\n<p>Och g\u00e4rna med Robert Fux i ensemblen.<\/p>\n<p>TEATER<\/p>\n<p>KR\u00d6NA EN DROTTNING<br \/>Av och regi Christina Ouzounidis<\/p>\n<p>Kostym Jenny Ljungberg<\/p>\n<p>Mask Petra G\u00f6ransson<\/p>\n<p>Ljus Joakim Ahlstr\u00f6m<\/p>\n<p>Komposition Sole Gipp Ossler<\/p>\n<p>Ljud Annelie Nederberg<\/p>\n<p>Suffl\u00f6r Petra \u00d6dmark<\/p>\n<p>Med Robert Fux<\/p>\n<p>Kulturhuset Stadsteatern, Stockholm<\/p>\n<p>Speltid 1. 5 t.<\/p>\n<p>Visa mer<\/p>\n<p>Maria Edstr\u00f6m \u00e4r kritiker p\u00e5 Expressens kultursida.<\/p>\n","protected":false},"excerpt":{"rendered":"Publicerad 7 sep 2025 kl 14.00Uppdaterad 8 sep kl 08.33 Christina Ouzounidis har specialskrivit sin nya monolog till&hellip;\n","protected":false},"author":2,"featured_media":24604,"comment_status":"","ping_status":"","sticky":false,"template":"","format":"standard","meta":{"footnotes":""},"categories":[67],"tags":[104,34,2914,31,33,32,30,105],"class_list":{"0":"post-24603","1":"post","2":"type-post","3":"status-publish","4":"format-standard","5":"has-post-thumbnail","7":"category-underhallning","8":"tag-entertainment","9":"tag-se","10":"tag-sections-scen","11":"tag-svenska","12":"tag-sverige","13":"tag-sweden","14":"tag-swedish","15":"tag-underhallning"},"share_on_mastodon":{"url":"","error":""},"_links":{"self":[{"href":"https:\/\/www.europesays.com\/se\/wp-json\/wp\/v2\/posts\/24603","targetHints":{"allow":["GET"]}}],"collection":[{"href":"https:\/\/www.europesays.com\/se\/wp-json\/wp\/v2\/posts"}],"about":[{"href":"https:\/\/www.europesays.com\/se\/wp-json\/wp\/v2\/types\/post"}],"author":[{"embeddable":true,"href":"https:\/\/www.europesays.com\/se\/wp-json\/wp\/v2\/users\/2"}],"replies":[{"embeddable":true,"href":"https:\/\/www.europesays.com\/se\/wp-json\/wp\/v2\/comments?post=24603"}],"version-history":[{"count":0,"href":"https:\/\/www.europesays.com\/se\/wp-json\/wp\/v2\/posts\/24603\/revisions"}],"wp:featuredmedia":[{"embeddable":true,"href":"https:\/\/www.europesays.com\/se\/wp-json\/wp\/v2\/media\/24604"}],"wp:attachment":[{"href":"https:\/\/www.europesays.com\/se\/wp-json\/wp\/v2\/media?parent=24603"}],"wp:term":[{"taxonomy":"category","embeddable":true,"href":"https:\/\/www.europesays.com\/se\/wp-json\/wp\/v2\/categories?post=24603"},{"taxonomy":"post_tag","embeddable":true,"href":"https:\/\/www.europesays.com\/se\/wp-json\/wp\/v2\/tags?post=24603"}],"curies":[{"name":"wp","href":"https:\/\/api.w.org\/{rel}","templated":true}]}}