{"id":24605,"date":"2025-09-08T07:07:18","date_gmt":"2025-09-08T07:07:18","guid":{"rendered":"https:\/\/www.europesays.com\/se\/24605\/"},"modified":"2025-09-08T07:07:18","modified_gmt":"2025-09-08T07:07:18","slug":"bessent-kraver-granskning-av-fed-skadlig-cykel","status":"publish","type":"post","link":"https:\/\/www.europesays.com\/se\/24605\/","title":{"rendered":"Bessent kr\u00e4ver granskning av Fed: \u201dSkadlig cykel\u201d"},"content":{"rendered":"<p>USA:s finansminister Scott Bessent menar att Federal Reserve har hotat sitt oberoende genom att agera utanf\u00f6r sitt mandat med okonventionella \u00e5tg\u00e4rder som st\u00f6dk\u00f6p. Nu kr\u00e4ver han en granskning av centralbanken, i ett debattinl\u00e4gg i Wall Street Journal. <\/p>\n<p>\u201dIngripanden under och efter finanskrisen 2008 skapade i praktiken ett slags skyddsn\u00e4t f\u00f6r tillg\u00e5ngs\u00e4gare. Denna skadliga cykel koncentrerade den nationella f\u00f6rm\u00f6genheten till dem som redan \u00e4gde tillg\u00e5ngar\u201d, skriver Bessent och forts\u00e4tter: <\/p>\n<p>\u201dFederal Reserve m\u00e5ste \u00e5teruppr\u00e4tta sin trov\u00e4rdighet som en oberoende institution med ett enda fokus: maximal syssels\u00e4ttning, stabila priser och m\u00e5ttliga l\u00e5ngfristiga r\u00e4ntor\u201d.<\/p>\n<p>Omni \u00e4r politiskt obundna och oberoende. Vi str\u00e4var efter att ge fler perspektiv p\u00e5 nyheterna. Har du fr\u00e5gor eller synpunkter kring v\u00e5r rapportering? <a href=\"https:\/\/omni.se\/bessent-kraver-granskning-av-fed-skapat-en-skadlig-cykel\/a\/mailto:redaktion@omni.se\" class=\"ArticleActions_contactLink__W2F1M\" rel=\"nofollow noopener\" target=\"_blank\">Kontakta redaktionen<\/a><\/p>\n","protected":false},"excerpt":{"rendered":"USA:s finansminister Scott Bessent menar att Federal Reserve har hotat sitt oberoende genom att agera utanf\u00f6r sitt mandat&hellip;\n","protected":false},"author":2,"featured_media":24606,"comment_status":"","ping_status":"","sticky":false,"template":"","format":"standard","meta":{"footnotes":""},"categories":[65],"tags":[72,70,71,1725,324,268,2581,34,31,33,32,30,386,74],"class_list":{"0":"post-24605","1":"post","2":"type-post","3":"status-publish","4":"format-standard","5":"has-post-thumbnail","7":"category-ekonomi","8":"tag-business","9":"tag-economy","10":"tag-ekonomi","11":"tag-federal-reserve","12":"tag-makroekonomi","13":"tag-nordamerika","14":"tag-scott-bessent","15":"tag-se","16":"tag-svenska","17":"tag-sverige","18":"tag-sweden","19":"tag-swedish","20":"tag-trumps-usa","21":"tag-usa"},"share_on_mastodon":{"url":"","error":""},"_links":{"self":[{"href":"https:\/\/www.europesays.com\/se\/wp-json\/wp\/v2\/posts\/24605","targetHints":{"allow":["GET"]}}],"collection":[{"href":"https:\/\/www.europesays.com\/se\/wp-json\/wp\/v2\/posts"}],"about":[{"href":"https:\/\/www.europesays.com\/se\/wp-json\/wp\/v2\/types\/post"}],"author":[{"embeddable":true,"href":"https:\/\/www.europesays.com\/se\/wp-json\/wp\/v2\/users\/2"}],"replies":[{"embeddable":true,"href":"https:\/\/www.europesays.com\/se\/wp-json\/wp\/v2\/comments?post=24605"}],"version-history":[{"count":0,"href":"https:\/\/www.europesays.com\/se\/wp-json\/wp\/v2\/posts\/24605\/revisions"}],"wp:featuredmedia":[{"embeddable":true,"href":"https:\/\/www.europesays.com\/se\/wp-json\/wp\/v2\/media\/24606"}],"wp:attachment":[{"href":"https:\/\/www.europesays.com\/se\/wp-json\/wp\/v2\/media?parent=24605"}],"wp:term":[{"taxonomy":"category","embeddable":true,"href":"https:\/\/www.europesays.com\/se\/wp-json\/wp\/v2\/categories?post=24605"},{"taxonomy":"post_tag","embeddable":true,"href":"https:\/\/www.europesays.com\/se\/wp-json\/wp\/v2\/tags?post=24605"}],"curies":[{"name":"wp","href":"https:\/\/api.w.org\/{rel}","templated":true}]}}