{"id":24661,"date":"2025-09-08T10:31:24","date_gmt":"2025-09-08T10:31:24","guid":{"rendered":"https:\/\/www.europesays.com\/se\/24661\/"},"modified":"2025-09-08T10:31:24","modified_gmt":"2025-09-08T10:31:24","slug":"finska-superskrallen-klart-for-kvartsfinal-basket","status":"publish","type":"post","link":"https:\/\/www.europesays.com\/se\/24661\/","title":{"rendered":"Finska superskr\u00e4llen \u2013 klart f\u00f6r kvartsfinal | Basket"},"content":{"rendered":"<p>Publicerad 7 sep 2025 kl 00.37Uppdaterad kl 06.35<\/p>\n<p>Finland stod f\u00f6r en j\u00e4tteskr\u00e4ll i basket-EM.<\/p>\n<p>Segern \u00f6ver storfavoriterna Serbien skickar Finland till kvartsfinal.<\/p>\n<p>\u201dHistoriskt \u2013 Finland gjorde n\u00e5got helt otroligt\u201d, skriver <a href=\"https:\/\/www.iltalehti.fi\/koripallo\/a\/f48948a8-d2ef-490c-9a20-42592cb0c1f0\" rel=\"nofollow noopener\" target=\"_blank\">Iltalehtis<\/a> Janne Palom\u00e4ki.<\/p>\n<p><img   alt=\"\"\/><\/p>\n<p>Storstj\u00e4rnorna Lauri Markkanen och Nikola Jokic gjorde upp i \u00e5ttondelsfinalen. Markkanen och hans Finland gick segrande ur duellen.<\/p>\n<p>Foto: IPA-AGENCY.NET\/ SHUTTERSTOCK EDITORIAL\/ IBL<\/p>\n<p>\u00d6ppna bild i helsk\u00e4rm<img loading=\"lazy\"   alt=\"\"\/> <\/p>\n<p>Foto: STEFANOS KYRIAZIS \/ STELLA PICTURES\/ZUMA PRESS ZUMA PRESS<\/p>\n<p>\u00d6ppna bild i helsk\u00e4rm<img loading=\"lazy\"   alt=\"\"\/> <\/p>\n<p>Foto: STARSPORT\/SHUTTERSTOCK \/ SHUTTERSTOCK EDITORIAL\/IBL<\/p>\n<p>\u00d6ppna bild i helsk\u00e4rm<\/p>\n<p>Serbien, med superstj\u00e4rnan Nikola Jokic i spetsen tvingas l\u00e4mna basket-EM redan efter \u00e5ttondelsfinalen. Detta efter <a href=\"https:\/\/www.expressen.se\/tagg\/location\/finland\/\" class=\"\" rel=\"nofollow noopener\" target=\"_blank\">Finlands<\/a> j\u00e4tteskr\u00e4ll, d\u00e4r man dominerade matchen fr\u00e5n b\u00f6rjan \u2013 ledning med 16-5 och 20-9 \u2013 och till slut kunde vinna med 92-86.<\/p>\n<p>\u2013 Den st\u00f6rsta segern i Finlands baskethistoria, s\u00e4ger <a href=\"https:\/\/www.svt.se\/sport\/basket\/finlands-superskrall-slog-ut-serbien-ur-em\" rel=\"nofollow noopener\" target=\"_blank\">SVT:s<\/a> expert Nick Rajacic.<\/p>\n<p>\u2013 Finland visar v\u00e4gen f\u00f6r alla nordiska nationer. Det \u00e4r m\u00f6jligt att g\u00f6ra den h\u00e4r resan.<\/p>\n<p>Stj\u00e4rnan Lauri Markkanen ledde \u00e5terigen sitt lag och stod f\u00f6r 29 po\u00e4ng i segern. Efter matchen uppm\u00e4rksammas han av sitt Utah Jazz p\u00e5 X, som delar ett inl\u00e4gg fr\u00e5n basketf\u00f6rbundet Fiba, med orden: \u201dFinland st\u00e5r f\u00f6r en av de st\u00f6rsta skr\u00e4llarna i baskethistorien\u201d, tillsammans med en bild p\u00e5 en flaggviftande finl\u00e4ndare med bar \u00f6verkropp.<\/p>\n<p>Finland m\u00f6ter vinnaren mellan Frankrike och Georgien i kvartsfinalen p\u00e5 onsdag.<\/p>\n","protected":false},"excerpt":{"rendered":"Publicerad 7 sep 2025 kl 00.37Uppdaterad kl 06.35 Finland stod f\u00f6r en j\u00e4tteskr\u00e4ll i basket-EM. Segern \u00f6ver storfavoriterna&hellip;\n","protected":false},"author":2,"featured_media":24662,"comment_status":"","ping_status":"","sticky":false,"template":"","format":"standard","meta":{"footnotes":""},"categories":[5],"tags":[22,23,26,27,17,21,24,25,1302,28,29,15,16,18,34,2126,31,33,32,30,19,20],"class_list":{"0":"post-24661","1":"post","2":"type-post","3":"status-publish","4":"format-standard","5":"has-post-thumbnail","7":"category-rubriker","8":"tag-breaking-news","9":"tag-breakingnews","10":"tag-featured-news","11":"tag-featurednews","12":"tag-headlines","13":"tag-huvudnyheter","14":"tag-latest-news","15":"tag-latestnews","16":"tag-location-finland","17":"tag-main-news","18":"tag-mainnews","19":"tag-news","20":"tag-nyheter","21":"tag-rubriker","22":"tag-se","23":"tag-sections-basket","24":"tag-svenska","25":"tag-sverige","26":"tag-sweden","27":"tag-swedish","28":"tag-top-stories","29":"tag-topstories"},"share_on_mastodon":{"url":"","error":""},"_links":{"self":[{"href":"https:\/\/www.europesays.com\/se\/wp-json\/wp\/v2\/posts\/24661","targetHints":{"allow":["GET"]}}],"collection":[{"href":"https:\/\/www.europesays.com\/se\/wp-json\/wp\/v2\/posts"}],"about":[{"href":"https:\/\/www.europesays.com\/se\/wp-json\/wp\/v2\/types\/post"}],"author":[{"embeddable":true,"href":"https:\/\/www.europesays.com\/se\/wp-json\/wp\/v2\/users\/2"}],"replies":[{"embeddable":true,"href":"https:\/\/www.europesays.com\/se\/wp-json\/wp\/v2\/comments?post=24661"}],"version-history":[{"count":0,"href":"https:\/\/www.europesays.com\/se\/wp-json\/wp\/v2\/posts\/24661\/revisions"}],"wp:featuredmedia":[{"embeddable":true,"href":"https:\/\/www.europesays.com\/se\/wp-json\/wp\/v2\/media\/24662"}],"wp:attachment":[{"href":"https:\/\/www.europesays.com\/se\/wp-json\/wp\/v2\/media?parent=24661"}],"wp:term":[{"taxonomy":"category","embeddable":true,"href":"https:\/\/www.europesays.com\/se\/wp-json\/wp\/v2\/categories?post=24661"},{"taxonomy":"post_tag","embeddable":true,"href":"https:\/\/www.europesays.com\/se\/wp-json\/wp\/v2\/tags?post=24661"}],"curies":[{"name":"wp","href":"https:\/\/api.w.org\/{rel}","templated":true}]}}