{"id":24688,"date":"2025-09-08T11:42:07","date_gmt":"2025-09-08T11:42:07","guid":{"rendered":"https:\/\/www.europesays.com\/se\/24688\/"},"modified":"2025-09-08T11:42:07","modified_gmt":"2025-09-08T11:42:07","slug":"s-profilerna-hangde-pa-laset-till-kyrkovalet","status":"publish","type":"post","link":"https:\/\/www.europesays.com\/se\/24688\/","title":{"rendered":"S-profilerna h\u00e4ngde p\u00e5 l\u00e5set till kyrkovalet"},"content":{"rendered":"<p>\tS-profilerna h\u00e4ngde p\u00e5 l\u00e5set till kyrkovalet &#8211; Aktuellt i Politiken<\/p>\n<p>P\u00e5 m\u00e5ndagen \u00f6ppnade f\u00f6rtidsr\u00f6stningen i kyrkovalet. N\u00e5gra av dem som h\u00e4ngde p\u00e5 l\u00e5set var Stefan och Ulla L\u00f6fven samt S partisekreterare Tobias Baudin, som alla r\u00f6stade i Ulrika Eleonora och Oscars f\u00f6rsamling i Stockholm.<br \/>\u2013 Vi tror p\u00e5 en folkkyrka som \u00e4r \u00f6ppen f\u00f6r alla, sa Stefan L\u00f6fven n\u00e4r de kom ut fr\u00e5n vallokalen. <\/p>\n<p>Vi anv\u00e4nder cookies, inklusive annan sp\u00e5rningsteknik fr\u00e5n tredjepartsutgivare f\u00f6r att ge dig en b\u00e4ttre l\u00e4supplevelse p\u00e5 v\u00e5r hemsida. F\u00f6r detta \u00e4ndam\u00e5l samlar vi in information om anv\u00e4ndare, surfm\u00f6nster och enheter. Genom att klicka p\u00e5 Till\u00e5t alla cookies godk\u00e4nner du detta, och samtycker till att vi delar den h\u00e4r informationen med tredje part. Om du vill kan du ist\u00e4llet v\u00e4lja att forts\u00e4tta med Endast n\u00f6dv\u00e4ndiga cookies.Till\u00e5t alla cookiesEndast n\u00f6dv\u00e4ndiga cookiesIntegritets\u00adpolicy<\/p>\n<p>Du kan \u00e5terkalla ditt samtycke n\u00e4r som helst genom att anv\u00e4nda knappen \u00e5terkalla samtycke.\u00c5terkalla samtycke\n\t\t\t<\/p>\n","protected":false},"excerpt":{"rendered":"S-profilerna h\u00e4ngde p\u00e5 l\u00e5set till kyrkovalet &#8211; Aktuellt i Politiken P\u00e5 m\u00e5ndagen \u00f6ppnade f\u00f6rtidsr\u00f6stningen i kyrkovalet. N\u00e5gra av&hellip;\n","protected":false},"author":2,"featured_media":24689,"comment_status":"","ping_status":"","sticky":false,"template":"","format":"standard","meta":{"footnotes":""},"categories":[12],"tags":[22,23,26,27,17,21,2919,2920,24,25,28,29,15,16,18,34,2921,31,33,32,30,2922,19,20,2923],"class_list":{"0":"post-24688","1":"post","2":"type-post","3":"status-publish","4":"format-standard","5":"has-post-thumbnail","7":"category-sverige","8":"tag-breaking-news","9":"tag-breakingnews","10":"tag-featured-news","11":"tag-featurednews","12":"tag-headlines","13":"tag-huvudnyheter","14":"tag-kyrkoval","15":"tag-kyrkovalet2025","16":"tag-latest-news","17":"tag-latestnews","18":"tag-main-news","19":"tag-mainnews","20":"tag-news","21":"tag-nyheter","22":"tag-rubriker","23":"tag-se","24":"tag-stefan-lofven","25":"tag-svenska","26":"tag-sverige","27":"tag-sweden","28":"tag-swedish","29":"tag-tobias-baudin","30":"tag-top-stories","31":"tag-topstories","32":"tag-ulla-lofven"},"share_on_mastodon":{"url":"","error":""},"_links":{"self":[{"href":"https:\/\/www.europesays.com\/se\/wp-json\/wp\/v2\/posts\/24688","targetHints":{"allow":["GET"]}}],"collection":[{"href":"https:\/\/www.europesays.com\/se\/wp-json\/wp\/v2\/posts"}],"about":[{"href":"https:\/\/www.europesays.com\/se\/wp-json\/wp\/v2\/types\/post"}],"author":[{"embeddable":true,"href":"https:\/\/www.europesays.com\/se\/wp-json\/wp\/v2\/users\/2"}],"replies":[{"embeddable":true,"href":"https:\/\/www.europesays.com\/se\/wp-json\/wp\/v2\/comments?post=24688"}],"version-history":[{"count":0,"href":"https:\/\/www.europesays.com\/se\/wp-json\/wp\/v2\/posts\/24688\/revisions"}],"wp:featuredmedia":[{"embeddable":true,"href":"https:\/\/www.europesays.com\/se\/wp-json\/wp\/v2\/media\/24689"}],"wp:attachment":[{"href":"https:\/\/www.europesays.com\/se\/wp-json\/wp\/v2\/media?parent=24688"}],"wp:term":[{"taxonomy":"category","embeddable":true,"href":"https:\/\/www.europesays.com\/se\/wp-json\/wp\/v2\/categories?post=24688"},{"taxonomy":"post_tag","embeddable":true,"href":"https:\/\/www.europesays.com\/se\/wp-json\/wp\/v2\/tags?post=24688"}],"curies":[{"name":"wp","href":"https:\/\/api.w.org\/{rel}","templated":true}]}}