{"id":247342,"date":"2026-05-15T22:06:11","date_gmt":"2026-05-15T22:06:11","guid":{"rendered":"https:\/\/www.europesays.com\/se\/247342\/"},"modified":"2026-05-15T22:06:11","modified_gmt":"2026-05-15T22:06:11","slug":"tvinga-man-att-vara-foraldralediga","status":"publish","type":"post","link":"https:\/\/www.europesays.com\/se\/247342\/","title":{"rendered":"Tvinga m\u00e4n att vara f\u00f6r\u00e4ldralediga"},"content":{"rendered":"<p>Publicerad 15 maj 2026 kl 19.41<\/p>\n<p>B\u00f6r f\u00f6r\u00e4ldradagar \u00f6ronm\u00e4rkas \u00e5t pappan?\u00a0<\/p>\n<p>Ja, s\u00e4ger en majoritet av svenska kvinnor i \u00e5ldrarna 18-34 \u00e5r.\u00a0<\/p>\n<p>Det visar en unders\u00f6kning av Novus\/GP.<\/p>\n<p><img   alt=\"\"\/><\/p>\n<p>En majoritet av unga kvinnor vill ha kvar pappadagarna.<\/p>\n<p>Foto: IZABELLE NORDFJELL \/ TT NYHETSBYR\u00c5N<\/p>\n<p>\u00d6ppna bild i helsk\u00e4rm<\/p>\n<p>I dag \u00e4r 90 dagar av totalt 480 dagars f\u00f6r\u00e4ldraledighet reserverade \u00e5t varje f\u00f6r\u00e4lder. Resten av dagarna kan f\u00f6r\u00e4ldrarna dela upp som de vill.<\/p>\n<p>Och fr\u00e5gan om de s\u00e5 kallade pappadagarnas vara eller icke vara \u00e4r p\u00e5 tapeten.\u00a0<\/p>\n<p>Ebba Busch har sagt att hon vill ta bort de \u00f6ronm\u00e4rkta dagarna i f\u00f6r\u00e4ldraf\u00f6rs\u00e4kringen. Sverigedemokraterna h\u00e5ller med \u2013\u00a0medan Socialdemokraterna, V\u00e4nsterpartiet och Milj\u00f6partiet i st\u00e4llet vill ha fler \u00f6ronm\u00e4rkta pappam\u00e5nader.\u00a0<\/p>\n<p>S\u00e5 tycker svenskarna\u00a0<\/p>\n<p>H\u00e4lften av svenskarna vill avskaffa de \u00f6ronm\u00e4rkta pappadagarna, visar en opinionsunders\u00f6kning gjord av Novus, best\u00e4lld av <a href=\"https:\/\/www.gp.se\/politik\/unga-kvinnor-tvinga-man-att-vara-pappalediga.e52f0966-f005-4036-9c14-720358834b35\" rel=\"nofollow noopener\" target=\"_blank\">G\u00f6teborgs-Posten.<\/a>\u00a0<\/p>\n<p>Men n\u00e4r man tittar p\u00e5 just kvinnor, i \u00e5ldrarna 18-34 \u00e5r d\u00e5 m\u00e5nga skaffar barn, vill 57 procent att pappam\u00e5naderna blir kvar.\u00a0<\/p>\n<p>Ingrid Osika Friberg, utredare p\u00e5 j\u00e4mst\u00e4lldhetsmyndigheten, s\u00e4ger att resultatet \u00f6verensst\u00e4mmer med myndighetens egna unders\u00f6kningar: Unga kvinnor \u00e4r generellt mer positiva till j\u00e4mst\u00e4lldhet \u00e4n unga m\u00e4n.<\/p>\n<p>\u2013 Om man vill kunna satsa p\u00e5 sitt liv och sin karri\u00e4r och tj\u00e4na pengar och s\u00e5nt. D\u00e5 beh\u00f6vs ju att man har ett j\u00e4mst\u00e4llt f\u00f6r\u00e4ldraskap s\u00e5 att inte f\u00f6r mycket ska hamna p\u00e5 mammorna, s\u00e4ger Ingrid Osika Friberg till GP.\u00a0<\/p>\n<p>Unders\u00f6kningen <\/p>\n<p> Unders\u00f6kningen genomf\u00f6rdes av Novus Sverigepanel mellan 30 april och 6 maj i \u00e5r.\u00a0<\/p>\n<p> Totalt genomf\u00f6rdes 1078 intervjuer i \u00e5ldersgruppen 18-84 \u00e5r. Intervjupersonerna \u00e4r slumpm\u00e4ssigt valda och representativa f\u00f6r befolkning.\u00a0<\/p>\n<p> Bland kvinnor i alla \u00e5ldrar vill 40 procent att pappam\u00e5naderna ska vara kvar. 46 procent tycker att f\u00f6r\u00e4ldrarna sj\u00e4lva ska best\u00e4mma och 10 procent att fler dagar borde \u00f6ronm\u00e4rkas f\u00f6r varje f\u00f6r\u00e4lder.\u00a0<\/p>\n<p> Bland m\u00e4n i alla \u00e5ldrar vill 30 procent att pappam\u00e5naderna ska vara kvar. 54 procent tycker att f\u00f6r\u00e4ldrarna sj\u00e4lva ska best\u00e4mma och 11 procent att fler dagar borde \u00f6ronm\u00e4rkas f\u00f6r varje f\u00f6r\u00e4lder.\u00a0<\/p>\n<p> Bland kvinnor mellan 18-34 \u00e5r tycker 57 procent att pappam\u00e5naderna ska vara kvar. 26 procent tycker att f\u00f6r\u00e4ldrarna sj\u00e4lva ska best\u00e4mma och 14 procent att fler dagar borde \u00f6ronm\u00e4rkas f\u00f6r varje f\u00f6r\u00e4lder.\u00a0<\/p>\n<p> Blandm\u00e4n mellan 18-34 \u00e5r tycker 26 procent att pappam\u00e5naderna ska vara kvar. 50 procent tycker att f\u00f6r\u00e4ldrarna sj\u00e4lva ska best\u00e4mma och 17 procent att fler dagar ska \u00f6ronm\u00e4rkas f\u00f6r varje f\u00f6r\u00e4lder.\u00a0<\/p>\n<p>K\u00e4lla: GP\/Novus\u00a0<\/p>\n<p>Visa merEn femtedel delar lika<\/p>\n<p>Den f\u00f6rsta pappam\u00e5naden inf\u00f6rdes 1995, f\u00f6r att f\u00e5 fler m\u00e4n att ta ut f\u00f6r\u00e4ldraledighet. Den andra inf\u00f6rdes 2002 och den tredje 2016.\u00a0<\/p>\n<p>Enligt Ingrid Osika Friberg har de \u00f6ronm\u00e4rkta f\u00f6r\u00e4ldradagarna haft effekt p\u00e5 j\u00e4mst\u00e4lldheten.\u00a0<\/p>\n<p>\u2013 Man har kunnat se att m\u00e4n har tagit ut fler dagar med f\u00f6r\u00e4ldrapenning efter inf\u00f6randet av alla tre pappam\u00e5nader. St\u00f6rst var effekten vid inf\u00f6randet av den f\u00f6rsta. F\u00f6rs\u00e4kringskassans m\u00e4tningar visar att under det senaste \u00e5ret har andelen m\u00e4n som tar ut f\u00f6r\u00e4ldrapenning g\u00e5tt ner n\u00e5got. Och det \u00e4r samma sak med v\u00e5rd av barn d\u00e4r m\u00e4n minskat sin andel flera \u00e5r i rad, s\u00e4ger Ingrid Osika Friberg till GP.\u00a0<\/p>\n<p>Enligt de senaste siffrorna fr\u00e5n myndigheten delar en femtedel av alla f\u00f6r\u00e4ldrar lika p\u00e5 f\u00f6r\u00e4ldraledigheten. Mammor till barn f\u00f6dda 2022 tog i genomsnitt ut 73 procent av f\u00f6r\u00e4ldraledigheten under barnets f\u00f6rsta tv\u00e5 \u00e5r.\u00a0<\/p>\n","protected":false},"excerpt":{"rendered":"Publicerad 15 maj 2026 kl 19.41 B\u00f6r f\u00f6r\u00e4ldradagar \u00f6ronm\u00e4rkas \u00e5t pappan?\u00a0 Ja, s\u00e4ger en majoritet av svenska kvinnor&hellip;\n","protected":false},"author":2,"featured_media":247343,"comment_status":"","ping_status":"","sticky":false,"template":"","format":"standard","meta":{"footnotes":"","_share_on_mastodon":"0"},"categories":[12],"tags":[22,23,26,27,17,21,24,25,28,29,15,16,4112,18727,18,34,154,31,33,32,30,19,17579,534,152,20],"class_list":["post-247342","post","type-post","status-publish","format-standard","has-post-thumbnail","category-sverige","tag-breaking-news","tag-breakingnews","tag-featured-news","tag-featurednews","tag-headlines","tag-huvudnyheter","tag-latest-news","tag-latestnews","tag-main-news","tag-mainnews","tag-news","tag-nyheter","tag-organization-goteborgs-posten","tag-organization-novus","tag-rubriker","tag-se","tag-sections-sverige","tag-svenska","tag-sverige","tag-sweden","tag-swedish","tag-top-stories","tag-topic-foraldraledighet","tag-topic-foraldraskap","tag-topic-inrikespolitik","tag-topstories"],"share_on_mastodon":{"url":"https:\/\/pubeurope.com\/@se\/116580868874169232","error":""},"_links":{"self":[{"href":"https:\/\/www.europesays.com\/se\/wp-json\/wp\/v2\/posts\/247342","targetHints":{"allow":["GET"]}}],"collection":[{"href":"https:\/\/www.europesays.com\/se\/wp-json\/wp\/v2\/posts"}],"about":[{"href":"https:\/\/www.europesays.com\/se\/wp-json\/wp\/v2\/types\/post"}],"author":[{"embeddable":true,"href":"https:\/\/www.europesays.com\/se\/wp-json\/wp\/v2\/users\/2"}],"replies":[{"embeddable":true,"href":"https:\/\/www.europesays.com\/se\/wp-json\/wp\/v2\/comments?post=247342"}],"version-history":[{"count":0,"href":"https:\/\/www.europesays.com\/se\/wp-json\/wp\/v2\/posts\/247342\/revisions"}],"wp:featuredmedia":[{"embeddable":true,"href":"https:\/\/www.europesays.com\/se\/wp-json\/wp\/v2\/media\/247343"}],"wp:attachment":[{"href":"https:\/\/www.europesays.com\/se\/wp-json\/wp\/v2\/media?parent=247342"}],"wp:term":[{"taxonomy":"category","embeddable":true,"href":"https:\/\/www.europesays.com\/se\/wp-json\/wp\/v2\/categories?post=247342"},{"taxonomy":"post_tag","embeddable":true,"href":"https:\/\/www.europesays.com\/se\/wp-json\/wp\/v2\/tags?post=247342"}],"curies":[{"name":"wp","href":"https:\/\/api.w.org\/{rel}","templated":true}]}}