{"id":247371,"date":"2026-05-15T23:19:18","date_gmt":"2026-05-15T23:19:18","guid":{"rendered":"https:\/\/www.europesays.com\/se\/247371\/"},"modified":"2026-05-15T23:19:18","modified_gmt":"2026-05-15T23:19:18","slug":"hugo-berggren-dagar-efter-derbysegern-att-vinna-derbyn-ar-det-som-forenar-folk-mest-av-allt","status":"publish","type":"post","link":"https:\/\/www.europesays.com\/se\/247371\/","title":{"rendered":"Hugo Berggren dagar efter derbysegern: &#8221;Att vinna derbyn \u00e4r det som f\u00f6renar folk mest av allt&#8221;"},"content":{"rendered":"<p>Det har g\u00e5tt fem dagar sedan den s\u00e5 f\u00f6rl\u00f6sande vinsten mot Gnaget p\u00e5 Strawberry Arena n\u00e4r Forum 1891 f\u00e5r en pratstund med Djurg\u00e5rdens assisterande tr\u00e4nare Hugo Berggren. Att gl\u00e4djen \u00e4nnu finns d\u00e4r efter derbysegern \u00e4r sv\u00e5r att missa n\u00e4r han med ett leende p\u00e5 l\u00e4pparna och l\u00e4tt studs i benen skakar hand med undertecknad. \u00d6ppningsfr\u00e5gan utkristalliserar sig till given. <\/p>\n<p><strong>Hur har de senaste dagarna varit f\u00f6r Hugo Berggren?<\/strong><\/p>\n<p style=\"line-height: 1.38; margin-top: 0pt; margin-bottom: 0pt\">\u2013 Nu \u00e4r jag i form! M\u00e5ndagen var fantastisk men soffliggandes &#8211; en riktigt bra start p\u00e5 veckan som blev \u00e4nnu b\u00e4ttre ig\u00e5r, konstaterar han och skrattar gott. <\/p>\n<p style=\"line-height: 1.38; margin-top: 0pt; margin-bottom: 0pt\">15 \u00e5r har passerat sedan Hugo Berggren fick sitt f\u00f6rsta uppdrag i Djurg\u00e5rdens organisation och i \u00e5r g\u00e5r han in p\u00e5 sitt elfte \u00e5r med herrlaget. Han om n\u00e5gon vet hur tungt det \u00e4r att f\u00f6rlora derbymatcher och efterspelen som blir i samband med negativa resultat. Att det slutade i en annan \u00e4nde denna g\u00e5ngen \u00e4r gl\u00e4djande p\u00e5 flera vis. <\/p>\n<p style=\"line-height: 1.38; margin-top: 0pt; margin-bottom: 0pt\">\u2013 Jag v\u00e4rdes\u00e4tter den h\u00e4r matchen otroligt h\u00f6gt. Att f\u00e5 sl\u00e5 AIK och Hammarby \u00e4r den b\u00e4sta k\u00e4nslan som finns och om du tar bort titlar och l\u00e5ngt g\u00e5ngna Europaspel \u00e4r det matcherna som du vill vinna till varje, varje pris. Det \u00e4r otroligt sk\u00f6nt f\u00f6r alla djurg\u00e5rdare att f\u00e5 kunna g\u00e5 till skolan och jobbet och vara otroligt stolt \u00f6ver laget och den insatsen som vi lyckades prestera p\u00e5 b\u00e5de planen och l\u00e4ktaren. Det har varit extremt v\u00e4rdefullt ur massa olika synvinklar. <\/p>\n<p style=\"line-height: 1.38; margin-top: 0pt; margin-bottom: 0pt\"><img decoding=\"async\" src=\"https:\/\/www.europesays.com\/se\/wp-content\/uploads\/2026\/05\/fsoLekyKLtW7LwOH2mFe947DXaM2OJ4uV3f29U8W.png\"\/><\/p>\n<p style=\"line-height: 1.38; margin-top: 0pt; margin-bottom: 0pt\">Det \u00e4r otroligt sk\u00f6nt f\u00f6r alla djurg\u00e5rdare att f\u00e5 kunna g\u00e5 till skolan och jobbet och vara otroligt stolt \u00f6ver laget <\/p>\n<p><strong>\u201cAtt vinna derbyn \u00e4r det som f\u00f6renar mest av allt\u201d\u00a0<\/strong><\/p>\n<p style=\"line-height: 1.38; margin-top: 0pt; margin-bottom: 0pt\">Redan i s\u00f6ndags kunde de som h\u00f6ll ig\u00e5ng Stockholms nattliv in till sm\u00e5timmarna och firade det med Djurg\u00e5rdslaget ta del av gl\u00e4djen bland spelare, tr\u00e4narstab och organisation. De som var p\u00e5 plats kunde se Hugos gl\u00e4dje redan d\u00e5. Att v\u00e4xa upp som Djurg\u00e5rdare har b\u00e5de sina f\u00f6rdelar och nackdelar i derbysammanhang. <\/p>\n<p style=\"line-height: 1.38; margin-top: 0pt; margin-bottom: 0pt\">\u2013 Jag \u00e4r f\u00f6dd och uppvuxen runt Stockholms Stadion. Jag har g\u00e5tt p\u00e5 Djurg\u00e5rden sedan barnsben. Jag har varit med p\u00e5 alla bortaresor som supporter. Jag har varit i akademin, varit i damlaget. Jag har varit p\u00e5 b\u00e5de flick- och pojksidan h\u00e4r. Jag har f\u00e5tt uppleva SM-guld och cupguld och l\u00e5nga Europaspel, men att vinna derbyn \u00e4r det som f\u00f6renar folk mest av allt. S\u00e5 det g\u00e4ller verkligen att ta tillvara p\u00e5 den energi som finns b\u00e5de i f\u00f6reningen och i gruppen och bygga vidare p\u00e5 det f\u00f6r att bygga ett starkt momentum i de h\u00e4r matcherna som kommer. <\/p>\n<p><img decoding=\"async\" src=\"https:\/\/www.europesays.com\/se\/wp-content\/uploads\/2026\/05\/GpIDHfZFAhYiAiRoqMhFGDH3d912dDWktF0u1tPV.png\"\/>Derbysegern betydde mycket f\u00f6r m\u00e5nga. <\/p>\n<p style=\"line-height: 1.38; margin-top: 0pt; margin-bottom: 0pt\">Efter sju omg\u00e5ngar placerar sig Djurg\u00e5rden p\u00e5 en fj\u00e4rdeplats i tabellen. Djurg\u00e5rdens assisterande tr\u00e4nare summerar s\u00e4songsstarten med f\u00f6ljande ord. <\/p>\n<p style=\"line-height: 1.38; margin-top: 0pt; margin-bottom: 0pt\">\u2013 Po\u00e4ngsk\u00f6rden \u00e4r helt okej. Sj\u00e4lvklart borde vi ha f\u00e5tt med oss mer mot b\u00e5de Elfsborg och Malm\u00f6. Kollar man p\u00e5 hur spelet har sett ut, hur m\u00e5nga g\u00e5nger vi tar oss fr\u00e5n utg\u00e5ngsytan till spelyta tre, hur m\u00e5nga g\u00e5nger vi tar oss in i straffomr\u00e5det, hur m\u00e5nga g\u00e5nger vi kommer till skott i golden zone och s\u00e5 vidare s\u00e5 ser det v\u00e4ldigt bra ut. Vi ligger i toppen i v\u00e4ldigt m\u00e5nga delar av spelet och vi har f\u00e5tt resultat av det de senaste matcherna som vi kanske inte fick precis i b\u00f6rjan mot framf\u00f6r allt Elfsborg och Malm\u00f6. S\u00e5 det ser gott ut! Nu \u00e4r det tv\u00e5 matcher kvar och kan vi f\u00e5 med sig sex po\u00e4ng d\u00e4r, ja d\u00e5 \u00e4r allt m\u00f6jligt inf\u00f6r h\u00f6sten! <\/p>\n<p><strong>\u00c4r man naiv om man som supporter b\u00f6rjar dr\u00f6mma om SM-guldet?\u00a0<\/strong><\/p>\n<p style=\"line-height: 1.38; margin-top: 0pt; margin-bottom: 0pt\">\u2013 Man ska alltid dr\u00f6mma, s\u00e4ger Hugo och forts\u00e4tter. <\/p>\n<p style=\"line-height: 1.38; margin-top: 0pt; margin-bottom: 0pt\">\u2013 Vi g\u00e5r ut med m\u00e5ls\u00e4ttningen att vi ska vinna varje match. S\u00e5 som spelet har sett ut s\u00e5 ska vi ge det en otrolig chans att spela om det hela v\u00e4gen ut till 29 november. <\/p>\n<p style=\"line-height: 1.38; margin-top: 0pt; margin-bottom: 0pt\">En potentiell nyckel till fortsatta framg\u00e5ngar sp\u00e5s troligen bli den fina gruppdynamiken som skapats p\u00e5 Kakn\u00e4s. Kvaliteten finns b\u00e5de p\u00e5 och utanf\u00f6r planen, menar Hugo. <\/p>\n<p style=\"line-height: 1.38; margin-top: 0pt; margin-bottom: 0pt\">\u2013 Jag har ju varit med om v\u00e4ldigt m\u00e5nga bra upplagor av Djurg\u00e5rden, men det som \u00e4r v\u00e4ldigt bra med den h\u00e4r upplagan \u00e4r att det \u00e4r m\u00e5nga som \u00e4r p\u00e5 v\u00e4g fram\u00e5t i sin karri\u00e4r. Inte enbart spelare som \u00e4r 17-18 \u00e5r och som bara vill ta n\u00e4sta steg p\u00e5 ren potential. Nu har vi m\u00e5nga som \u00e4r etablerade, bra allsvenska fotbollsspelare men som man inte tippat \u00f6ver en viss \u00e5lder som i andra lag d\u00e4r det finns spelare som \u00e4r 35. Vi har m\u00e5nga som \u00e4r mellan 21-27 \u00e5r som kan spela 90 minuter vecka in och vecka ut. Att ha en bra \u00e5ldersstruktur tror jag \u00e4r en nyckelpunkt och p\u00e5 det har vi flera spelare som vuxit ut till v\u00e5r spets och som tar utvecklingssteget. Bo Hegland \u00e4r v\u00e4l den d\u00e4r det syns mest, men \u00e4ven \u00c5slund har f\u00e5tt b\u00f6rja g\u00f6ra m\u00e5l nu och Okkels kommer g\u00f6ra det ocks\u00e5. Kris (Lien) har kommit in och gjort en otroligt bra insats. S\u00e5 jag tror att det h\u00e4r laget kan b\u00e4ra l\u00e5ngt! <\/p>\n<p><img decoding=\"async\" src=\"https:\/\/www.europesays.com\/se\/wp-content\/uploads\/2026\/05\/lbRillLQskAdLZTQUDfE20x3DmslaYU7rSunO75C.png\"\/>Bo Hegland &#8211; en frontfigur i 2026 \u00e5rs Djurg\u00e5rden. <\/p>\n<p style=\"line-height: 1.38; margin-top: 0pt; margin-bottom: 0pt\">En annan nyckel f\u00f6r att f\u00e5 laget att producera \u00e4r en god tr\u00e4narstab, n\u00e4r undertecknad lyfter k\u00e4nslan kring att ledarna i tr\u00e4narstaben b\u00f6rjat hitta sin plats i gruppen inst\u00e4mmer Hugo. <\/p>\n<p style=\"line-height: 1.38; margin-top: 0pt; margin-bottom: 0pt\">\u2013 Sj\u00e4lvklart, hela nyckeln till att vara en framg\u00e5ngsrik grupp \u00e4r att man trivs med att jobba ihop. Annars kommer det aldrig att g\u00e5. Det spelar ingen roll om du har bra spelare och bra ledare. Om de inte fungerar ihop s\u00e5 kommer de inte lyckas \u00f6ver tid. S\u00e5 det g\u00e4ller att ha en h\u00f6g kravst\u00e4llan i vardagen &#8211; att ha h\u00f6gt till tak men \u00e4nd\u00e5 uppskatta varandras egenskaper och jobb. Det \u00e4r absolut en nyckelpunkt f\u00f6r att bli lyckosam \u00f6ver tid. Det \u00e4r bara att kolla p\u00e5 andra lag d\u00e4r det finns schismer. Kring exempelvis Real Madrid finns det massor av artiklar just nu d\u00e4r spelarna inte trivs. Man trivs inte med tr\u00e4narna, trivs inte med varandra. D\u00e5 g\u00e5r det ofta troll. Du beh\u00f6ver ha en stark k\u00e4rna som h\u00e5ller ihop gruppen med bra ledarskap hos s\u00e5v\u00e4l spelare som ledare. <\/p>\n<p><strong>Skriverierna r\u00f6r honom inte s\u00e4rskilt mycket<\/strong><\/p>\n<p style=\"line-height: 1.38; margin-top: 0pt; margin-bottom: 0pt\">Avslutningsvis valde vi att ber\u00f6ra en n\u00e5got k\u00e4nsligare fr\u00e5ga &#8211; fr\u00e5gan kring hans vara i Djurg\u00e5rden. N\u00e4r det bl\u00e5ste som mest kring Djurg\u00e5rden och bland annat Bosse Andersson fick utst\u00e5 som mest kritik riktades \u00e4ven arga blickar mot hur organisationen var uppbyggd, d\u00e4r Hugo Berggrens namn titt som t\u00e4tt florerade i kommentarsf\u00e4lten: \u201cHan \u00e4r bara kvar f\u00f6r att han \u00e4r Henke Berggrens son\u201d, \u201cVad kan han om fotboll egentligen?\u201d, \u201cVarf\u00f6r l\u00e4mnar inte han n\u00e4r alla andra f\u00e5r l\u00e4mna\u201d. Kommentarerna var allt fler \u00e4n s\u00e5 och stundtals var kritiken r\u00e4tt h\u00e5rd mot Hugo. Givet att han \u00e4r m\u00e4nniska och dessutom stor djurg\u00e5rdare vore det inte konstigt om han tog \u00e5t sig av skiten, men han tar det med ro. <\/p>\n<p style=\"line-height: 1.38; margin-top: 0pt; margin-bottom: 0pt\">\u2013 Brorsan l\u00e4ser Twitter (X) och allting s\u00e5 det \u00e4r klart att man f\u00e5r h\u00f6ra saker. Men det tror jag \u00e4r en del av spelet. Du f\u00e5r ber\u00f6m n\u00e4r det g\u00e5r bra och du f\u00e5r skit n\u00e4r det g\u00e5r d\u00e5ligt. <\/p>\n<p>Efter lite gr\u00e4v kommer jag fram till att han om inte den enda, \u00e4r en av f\u00e5 aktiva tr\u00e4nare i svensk fotboll som har SM-guld, cuptitel och Europaspel p\u00e5 CV:t. L\u00e4gg d\u00e4rtill guld som U21-tr\u00e4nare. N\u00e4r jag n\u00e4mner det f\u00f6r Hugo spricker han upp i ett leende som p\u00e5minner om det han hade p\u00e5 Stureplan f\u00f6r snart en vecka sedan. <\/p>\n<p>\u2014 Ja det \u00e4r ju sv\u00e5rt att sl\u00e5 det, avslutar han med glimten i \u00f6gat. <\/p>\n<p style=\"line-height: 1.38; margin-top: 0pt; margin-bottom: 0pt\"><strong>* * * <\/strong><\/p>\n","protected":false},"excerpt":{"rendered":"Det har g\u00e5tt fem dagar sedan den s\u00e5 f\u00f6rl\u00f6sande vinsten mot Gnaget p\u00e5 Strawberry Arena n\u00e4r Forum 1891&hellip;\n","protected":false},"author":2,"featured_media":247372,"comment_status":"","ping_status":"","sticky":false,"template":"","format":"standard","meta":{"footnotes":"","_share_on_mastodon":"0"},"categories":[5],"tags":[3711,22,23,18032,7955,26,27,17,18732,21,24,25,28,29,15,16,18,34,31,33,32,30,19,20],"class_list":["post-247371","post","type-post","status-publish","format-standard","has-post-thumbnail","category-rubriker","tag-aik","tag-breaking-news","tag-breakingnews","tag-derby","tag-djurgarden","tag-featured-news","tag-featurednews","tag-headlines","tag-hugo-berggren","tag-huvudnyheter","tag-latest-news","tag-latestnews","tag-main-news","tag-mainnews","tag-news","tag-nyheter","tag-rubriker","tag-se","tag-svenska","tag-sverige","tag-sweden","tag-swedish","tag-top-stories","tag-topstories"],"share_on_mastodon":{"url":"https:\/\/pubeurope.com\/@se\/116581156189106105","error":""},"_links":{"self":[{"href":"https:\/\/www.europesays.com\/se\/wp-json\/wp\/v2\/posts\/247371","targetHints":{"allow":["GET"]}}],"collection":[{"href":"https:\/\/www.europesays.com\/se\/wp-json\/wp\/v2\/posts"}],"about":[{"href":"https:\/\/www.europesays.com\/se\/wp-json\/wp\/v2\/types\/post"}],"author":[{"embeddable":true,"href":"https:\/\/www.europesays.com\/se\/wp-json\/wp\/v2\/users\/2"}],"replies":[{"embeddable":true,"href":"https:\/\/www.europesays.com\/se\/wp-json\/wp\/v2\/comments?post=247371"}],"version-history":[{"count":0,"href":"https:\/\/www.europesays.com\/se\/wp-json\/wp\/v2\/posts\/247371\/revisions"}],"wp:featuredmedia":[{"embeddable":true,"href":"https:\/\/www.europesays.com\/se\/wp-json\/wp\/v2\/media\/247372"}],"wp:attachment":[{"href":"https:\/\/www.europesays.com\/se\/wp-json\/wp\/v2\/media?parent=247371"}],"wp:term":[{"taxonomy":"category","embeddable":true,"href":"https:\/\/www.europesays.com\/se\/wp-json\/wp\/v2\/categories?post=247371"},{"taxonomy":"post_tag","embeddable":true,"href":"https:\/\/www.europesays.com\/se\/wp-json\/wp\/v2\/tags?post=247371"}],"curies":[{"name":"wp","href":"https:\/\/api.w.org\/{rel}","templated":true}]}}