{"id":24788,"date":"2025-09-08T15:58:07","date_gmt":"2025-09-08T15:58:07","guid":{"rendered":"https:\/\/www.europesays.com\/se\/24788\/"},"modified":"2025-09-08T15:58:07","modified_gmt":"2025-09-08T15:58:07","slug":"fick-upp-priset-en-den","status":"publish","type":"post","link":"https:\/\/www.europesays.com\/se\/24788\/","title":{"rendered":"\u201dFick upp priset en den\u201d"},"content":{"rendered":"<p>Publicerad 8 sep 2025 kl 16.58Uppdaterad kl 17.33<\/p>\n<p>Sven-G\u00f6ran Erikssons herrg\u00e5rd har legat ut till f\u00f6rs\u00e4ljning sedan i januari.<\/p>\n<p>Och den har varit sv\u00e5rs\u00e5ld, priset har s\u00e4nkts vid flera tillf\u00e4llen.\u00a0<\/p>\n<p>Men nu \u00e4r den lyxiga herrg\u00e5rden i Sunne s\u00e5ld.\u00a0<\/p>\n<p><img   alt=\"\"\/> <\/p>\n<p>Foto: ANNA-KARIN NILSSON<\/p>\n<p>\u00d6ppna bild i helsk\u00e4rm<img loading=\"lazy\"   alt=\"\"\/><\/p>\n<p>Svennis herrg\u00e5rd i Sunne \u00e4r s\u00e5ld.<\/p>\n<p>Foto: JEANETTE DAHLSTR\u00d6M \/ BILDBYR\u00c5N<\/p>\n<p>\u00d6ppna bild i helsk\u00e4rm<img loading=\"lazy\"   alt=\"\"\/> <\/p>\n<p>Foto: Anna-Karin Nilsson<\/p>\n<p>\u00d6ppna bild i helsk\u00e4rm<img loading=\"lazy\"   alt=\"\"\/> <\/p>\n<p>Foto: ANNA-KARIN NILSSON<\/p>\n<p>\u00d6ppna bild i helsk\u00e4rm<img loading=\"lazy\"   alt=\"\"\/><\/p>\n<p>Svennis.<\/p>\n<p>Foto: JEANETTE DAHLSTR\u00d6M \/ BILDBYR\u00c5N<\/p>\n<p>\u00d6ppna bild i helsk\u00e4rm<\/p>\n<p>Tr\u00e4narlegendaren <a href=\"https:\/\/www.expressen.se\/tagg\/person\/sven-goran-eriksson\/\" class=\"\" rel=\"nofollow noopener\" target=\"_blank\">Sven-G\u00f6ran Erikssons<\/a> herrg\u00e5rd Bj\u00f6rkefors norr om Sunne har varit till salu sedan i januari i \u00e5r. D\u00e5 var priset 25 miljoner kronor.<\/p>\n<p>Men n\u00e4r f\u00f6rs\u00e4ljningen gick tr\u00f6gt valde man i maj att s\u00e4nka priset med fem miljoner kronor.\u00a0<\/p>\n<p>Det hj\u00e4lpte dock inte, och f\u00f6rra veckan gjordes ytterligare en rej\u00e4l prisdumpning fr\u00e5n 20 till 16,5 miljoner kronor.\u00a0<\/p>\n<p>\u2013 S\u00e4ljaren tog beslutet efter sommaren, sa den <a href=\"https:\/\/www.expressen.se\/sport\/fotboll\/prisras-pa-svennis-herrgard-i-sunne\/\" rel=\"nofollow noopener\" target=\"_blank\">ansvarige m\u00e4klaren Henrik Flinta d\u00e5<\/a>.<\/p>\n<p>Och i onsdags f\u00f6rra veckan visades herrg\u00e5rden upp f\u00f6r ett antal intressenter.\u00a0<\/p>\n<p>\u2013 Efter det blev det bjudgivning mellan tv\u00e5 parter och nu \u00e4r den s\u00e5ld, s\u00e4ger Henrik Flinta som dock inte vill avsl\u00f6ja hur mycket k\u00f6paren fick betala.\u00a0<\/p>\n<p>\u2013 Vi fick upp priset en del fr\u00e5n utg\u00e5ngspriset, s\u00e5 man kan v\u00e4l s\u00e4ga att det var en bra strategi med s\u00e4nkningen efter sommaren.\u00a0<\/p>\n<p>K\u00f6paren har lokal anknytning till omr\u00e5det och ska enligt m\u00e4klare Henrik Flinta forts\u00e4tta att driva herrg\u00e5rden \u201di Svennis \u00e4ra\u201d.\u00a0<\/p>\n<p>\u2013 Det k\u00e4nns v\u00e4ldigt bra att f\u00f6rs\u00e4ljningen \u00e4r i hamn och k\u00f6paren \u00e4r mycket n\u00f6jd.\u00a0<\/p>\n<p>Ville ha 40 miljoner<\/p>\n<p>Herrg\u00e5rden Bj\u00f6rkefors, som Svennis k\u00f6pte f\u00f6r 5,8 miljoner kronor 2002, l\u00e5g ute till f\u00f6rs\u00e4ljning i flera olika omg\u00e5ngar under Svennis livstid. D\u00e5 till ett betydligt h\u00f6gre pris \u00e4n i dag. 40 miljoner kronor ville Eriksson ha under 2010-talet, men det blev aldrig n\u00e5gon aff\u00e4r.\u00a0<\/p>\n<p>N\u00e4r bouppteckningen efter Svennis blev offentlig hos Skatteverket i januari framgick det att den framg\u00e5ngsrike fotbollstr\u00e4naren dog med stora skulder.\u00a0<\/p>\n<p>Sven-G\u00f6ran Eriksson hade tillg\u00e5ngar p\u00e5 66 miljoner kronor, men samtidigt skulder p\u00e5 118 miljoner kronor. Det gav en brist i d\u00f6dsboet p\u00e5 51 miljoner kronor.<\/p>\n<p>Den st\u00f6rsta enskilda tillg\u00e5ngen \u00e4r just herrg\u00e5rden, som i bouppteckningen \u00e4r v\u00e4rderad till 20 miljoner kronor.\u00a0<\/p>\n<p><img loading=\"lazy\"   alt=\"\"\/><\/p>\n<p>Sven-G\u00f6ran Eriksson utanf\u00f6r herrg\u00e5rden i Sunne 2017.<\/p>\n<p>Foto: ANNA-KARIN NILSSON<\/p>\n<p>\u00d6ppna bild i helsk\u00e4rmSaltvattenpool och tennisbana<\/p>\n<p>Svennis herrg\u00e5rd i Sunne \u00e4r en rej\u00e4l pj\u00e4s. Ut\u00f6ver sj\u00e4lva huvudbyggnaden p\u00e5 900 kvadrat och 13 rum finns ytterligare ett bostadshus p\u00e5 tomten. Dessutom en sj\u00f6villa, tennisbana och ett poolhus med en stor saltvattenpool.<\/p>\n<p>Den parkliknande tomten p\u00e5 Bj\u00f6rkefors herrg\u00e5rd \u00e4r cirka 2,5 hektar stor.\u00a0<\/p>\n<p>Sven-G\u00f6ran Eriksson \u00e4r en av svensk fotbolls st\u00f6rsta tr\u00e4nare. Han avled i augusti 2024 i sviterna av cancer. Svennis blev 76 \u00e5r gammal. \u00a0\u00a0<\/p>\n","protected":false},"excerpt":{"rendered":"Publicerad 8 sep 2025 kl 16.58Uppdaterad kl 17.33 Sven-G\u00f6ran Erikssons herrg\u00e5rd har legat ut till f\u00f6rs\u00e4ljning sedan i&hellip;\n","protected":false},"author":2,"featured_media":24789,"comment_status":"","ping_status":"","sticky":false,"template":"","format":"standard","meta":{"footnotes":""},"categories":[68],"tags":[1284,2527,34,129,111,110,31,33,32,30],"class_list":{"0":"post-24788","1":"post","2":"type-post","3":"status-publish","4":"format-standard","5":"has-post-thumbnail","7":"category-sport","8":"tag-function-nyhetslag-3","9":"tag-person-sven-goran-eriksson","10":"tag-se","11":"tag-sections-fotboll","12":"tag-sport","13":"tag-sports","14":"tag-svenska","15":"tag-sverige","16":"tag-sweden","17":"tag-swedish"},"share_on_mastodon":{"url":"","error":""},"_links":{"self":[{"href":"https:\/\/www.europesays.com\/se\/wp-json\/wp\/v2\/posts\/24788","targetHints":{"allow":["GET"]}}],"collection":[{"href":"https:\/\/www.europesays.com\/se\/wp-json\/wp\/v2\/posts"}],"about":[{"href":"https:\/\/www.europesays.com\/se\/wp-json\/wp\/v2\/types\/post"}],"author":[{"embeddable":true,"href":"https:\/\/www.europesays.com\/se\/wp-json\/wp\/v2\/users\/2"}],"replies":[{"embeddable":true,"href":"https:\/\/www.europesays.com\/se\/wp-json\/wp\/v2\/comments?post=24788"}],"version-history":[{"count":0,"href":"https:\/\/www.europesays.com\/se\/wp-json\/wp\/v2\/posts\/24788\/revisions"}],"wp:featuredmedia":[{"embeddable":true,"href":"https:\/\/www.europesays.com\/se\/wp-json\/wp\/v2\/media\/24789"}],"wp:attachment":[{"href":"https:\/\/www.europesays.com\/se\/wp-json\/wp\/v2\/media?parent=24788"}],"wp:term":[{"taxonomy":"category","embeddable":true,"href":"https:\/\/www.europesays.com\/se\/wp-json\/wp\/v2\/categories?post=24788"},{"taxonomy":"post_tag","embeddable":true,"href":"https:\/\/www.europesays.com\/se\/wp-json\/wp\/v2\/tags?post=24788"}],"curies":[{"name":"wp","href":"https:\/\/api.w.org\/{rel}","templated":true}]}}