{"id":24806,"date":"2025-09-08T16:22:08","date_gmt":"2025-09-08T16:22:08","guid":{"rendered":"https:\/\/www.europesays.com\/se\/24806\/"},"modified":"2025-09-08T16:22:08","modified_gmt":"2025-09-08T16:22:08","slug":"salah-och-mbappe-ar-bast-i-ea-sports-fc-26-e-sport","status":"publish","type":"post","link":"https:\/\/www.europesays.com\/se\/24806\/","title":{"rendered":"Salah och Mbapp\u00e9 \u00e4r b\u00e4st i EA Sports FC 26 | E-sport"},"content":{"rendered":"<p>Publicerad 8 sep 2025 kl 17.30<\/p>\n<p>Nu har b\u00e4sta spelarna i EA FC 26 avsl\u00f6jats.<\/p>\n<p>Salah och Mbapp\u00e9 toppar herrlistan.<\/p>\n<p>P\u00e5 damsidan f\u00e5r Putellas och Bonmati h\u00f6gst betyg.<\/p>\n<p><img   alt=\"\"\/><\/p>\n<p>B\u00e4sta herrarna.<\/p>\n<p>\u00d6ppna bild i helsk\u00e4rm<img loading=\"lazy\"   alt=\"\"\/><\/p>\n<p>B\u00e4sta damerna.<\/p>\n<p>Foto: EA Sports FC<\/p>\n<p>\u00d6ppna bild i helsk\u00e4rm<img loading=\"lazy\"   alt=\"\"\/> <\/p>\n<p>Foto: JOHN SIBLEY \/ BILDBYR\u00c5N<\/p>\n<p>\u00d6ppna bild i helsk\u00e4rm<img loading=\"lazy\"   alt=\"\"\/> <\/p>\n<p>Foto: JUDIT CARTIEL\/SPP\/SHUTTERSTOCK \/ SHUTTERSTOCK EDITORIAL\/IBL<\/p>\n<p>\u00d6ppna bild i helsk\u00e4rm<img loading=\"lazy\"   alt=\"\"\/> <\/p>\n<p>Foto: OSCAR J. BARROSO \/ STELLA PICTURES\/ZUMA PRESS ZUMA PRESS<\/p>\n<p>\u00d6ppna bild i helsk\u00e4rm<\/p>\n<p>Sl\u00e4ppet av EA Sports FC 26 n\u00e4rmar sig och nu st\u00e5r det klart vilka som kommer vara de b\u00e4sta spelarna i det nya spelet.<\/p>\n<p>Liverpools Mohamed Salah och Real Madrids Kylian Mbapp\u00e9 blir de b\u00e4sta herrspelarna och f\u00e5r b\u00e5da betyget 91.<\/p>\n<p>Bland damerna \u00e4r Alexia Putellas och Aitana Bonmat\u00ed, b\u00e5da fr\u00e5n FC Barcelona, b\u00e4st och f\u00e5r \u00e4ven de betyget 91.<\/p>\n<p>Alexander Isak \u00e4r b\u00e4sta svensk och r\u00e4knas som v\u00e4rldens 23:e b\u00e4sta spelare med betyget 88.<\/p>\n<p>Spelaren som kl\u00e4ttrat mest j\u00e4mf\u00f6rt med f\u00f6reg\u00e5ende \u00e5r \u00e4r 18-\u00e5rige supertalangen Lamine Yamal som kl\u00e4ttrar \u00e5tta po\u00e4ng i betygs\u00e4ttningen till 89 och tar d\u00e4rmed sig in p\u00e5 topp tio-listan.<\/p>\n<p>Spelet sl\u00e4pps den 26 september.<\/p>\n<p><strong>L\u00c4S MER: <\/strong><a href=\"https:\/\/www.expressen.se\/sport\/e-sport\/svenske-pixie-tar-vm-silver-i-fortnite\/\" class=\"\" rel=\"nofollow noopener\" target=\"_blank\">Svenske Pixie tar VM-silver i Fortnite<\/a><strong>L\u00c4S MER: <\/strong><a href=\"https:\/\/www.expressen.se\/sport\/e-sport\/lista-sa-mycket-tjanar-sveriges-storsta-e-sportstjarnor\/\" class=\"\" rel=\"nofollow noopener\" target=\"_blank\">Lista: S\u00e5 mycket tj\u00e4nar Sveriges st\u00f6rsta e-sportstj\u00e4rnor<\/a><\/p>\n<p><strong>F\u00f6lj Expressen E-sport p\u00e5 <\/strong><a href=\"https:\/\/www.youtube.com\/@Expressen-esport\" rel=\"nofollow noopener\" target=\"_blank\"><strong>Youtube<\/strong><\/a><strong> och <\/strong><a href=\"https:\/\/twitter.com\/ESportExpressen\" rel=\"nofollow noopener\" target=\"_blank\"><strong>X<\/strong><\/a><strong>!<\/strong><\/p>\n<p><script async src=\"https:\/\/platform.twitter.com\/widgets.js\" charset=\"utf-8\"><\/script><\/p>\n","protected":false},"excerpt":{"rendered":"Publicerad 8 sep 2025 kl 17.30 Nu har b\u00e4sta spelarna i EA FC 26 avsl\u00f6jats. Salah och Mbapp\u00e9&hellip;\n","protected":false},"author":2,"featured_media":24807,"comment_status":"","ping_status":"","sticky":false,"template":"","format":"standard","meta":{"footnotes":""},"categories":[68],"tags":[34,755,111,110,31,33,32,30],"class_list":{"0":"post-24806","1":"post","2":"type-post","3":"status-publish","4":"format-standard","5":"has-post-thumbnail","7":"category-sport","8":"tag-se","9":"tag-sections-esport","10":"tag-sport","11":"tag-sports","12":"tag-svenska","13":"tag-sverige","14":"tag-sweden","15":"tag-swedish"},"share_on_mastodon":{"url":"","error":""},"_links":{"self":[{"href":"https:\/\/www.europesays.com\/se\/wp-json\/wp\/v2\/posts\/24806","targetHints":{"allow":["GET"]}}],"collection":[{"href":"https:\/\/www.europesays.com\/se\/wp-json\/wp\/v2\/posts"}],"about":[{"href":"https:\/\/www.europesays.com\/se\/wp-json\/wp\/v2\/types\/post"}],"author":[{"embeddable":true,"href":"https:\/\/www.europesays.com\/se\/wp-json\/wp\/v2\/users\/2"}],"replies":[{"embeddable":true,"href":"https:\/\/www.europesays.com\/se\/wp-json\/wp\/v2\/comments?post=24806"}],"version-history":[{"count":0,"href":"https:\/\/www.europesays.com\/se\/wp-json\/wp\/v2\/posts\/24806\/revisions"}],"wp:featuredmedia":[{"embeddable":true,"href":"https:\/\/www.europesays.com\/se\/wp-json\/wp\/v2\/media\/24807"}],"wp:attachment":[{"href":"https:\/\/www.europesays.com\/se\/wp-json\/wp\/v2\/media?parent=24806"}],"wp:term":[{"taxonomy":"category","embeddable":true,"href":"https:\/\/www.europesays.com\/se\/wp-json\/wp\/v2\/categories?post=24806"},{"taxonomy":"post_tag","embeddable":true,"href":"https:\/\/www.europesays.com\/se\/wp-json\/wp\/v2\/tags?post=24806"}],"curies":[{"name":"wp","href":"https:\/\/api.w.org\/{rel}","templated":true}]}}