{"id":248256,"date":"2026-05-17T09:50:09","date_gmt":"2026-05-17T09:50:09","guid":{"rendered":"https:\/\/www.europesays.com\/se\/248256\/"},"modified":"2026-05-17T09:50:09","modified_gmt":"2026-05-17T09:50:09","slug":"utnyttjades-som-krogslavar-fick-sova-pa-koksgolvet","status":"publish","type":"post","link":"https:\/\/www.europesays.com\/se\/248256\/","title":{"rendered":"Utnyttjades som krogslavar \u2013 fick sova p\u00e5 k\u00f6ksgolvet"},"content":{"rendered":"<p>Publicerad 17 maj 2026 kl 11.13<\/p>\n<p>Flera fattiga m\u00e4n fr\u00e5n Bangladesh lockades till Sverige f\u00f6r att arbeta p\u00e5 tv\u00e5 indiska restauranger i norra Stockholm,\u00a0men det som v\u00e4ntade beskrivs som slaveri.\u00a0<\/p>\n<p>Personalen arbetade 300 timmar i m\u00e5naden \u2013\u00a0och \u00f6vernattade p\u00e5 madrasser p\u00e5 k\u00f6ksgolvet.\u00a0<\/p>\n<p>Nu har tv\u00e5 m\u00e4n och en kvinna \u00e5talats f\u00f6r grov m\u00e4nniskoexploatering.\u00a0<\/p>\n<p><img   alt=\"\"\/><\/p>\n<p>Polisen \u00f6vervakade i hemlighet en av restaurangerna i 30 dygn.<\/p>\n<p>Foto: Polisen<\/p>\n<p>\u00d6ppna bild i helsk\u00e4rm<img loading=\"lazy\"   alt=\"\"\/><\/p>\n<p>En spartansk sovplats p\u00e5 golvet i restaurangen.Mi<\/p>\n<p>Foto: Polisen<\/p>\n<p>\u00d6ppna bild i helsk\u00e4rm<\/p>\n<p>De fattiga m\u00e4nnen fr\u00e5n Bangladesh dr\u00f6mde om ett b\u00e4ttre liv och lockades till Sverige med l\u00f6ften om h\u00f6ga l\u00f6ner, men dr\u00f6mmarna var falska. I st\u00e4llet behandlades de som slavar, enligt kammar\u00e5klagare Johanna Stigson.<\/p>\n<p>\u2013\u00a0Jag jobbade mer \u00e4n 300 timmar i m\u00e5naden och varje m\u00e5nad, efter att jag f\u00e5tt l\u00f6n, s\u00e5 fick jag betala tillbaka fem tusen kronor kontant. Jag var aldrig ledig och betalade ingen skatt, ber\u00e4ttar en tidigare anst\u00e4lld, som fick ut 13\u00a0000 kronor i m\u00e5naden, i ett polisf\u00f6rh\u00f6r.\u00a0<\/p>\n<p>F\u00f6r att kunna ta sig till Sverige var mannen tvungen att s\u00e4lja av mark som han \u00e4rvt i Bangladesh.\u00a0<\/p>\n<p>En annan anst\u00e4lld ber\u00e4ttar att han brukade sova p\u00e5 en tunn b\u00e4ddmadrass p\u00e5 k\u00f6ksgolvet eller i restaurangdelen.\u00a0<\/p>\n<p>\u2013\u00a0Det var en kartong som jag lade den p\u00e5, s\u00e4ger han.<\/p>\n<p><img loading=\"lazy\"   alt=\"\"\/><\/p>\n<p>Under den tunna madrassen, som en av de anst\u00e4llda sov p\u00e5, l\u00e5g pappkartonger.<\/p>\n<p>Foto: Polisen<\/p>\n<p>\u00d6ppna bild i helsk\u00e4rm<\/p>\n<p>N\u00e4r polisens utredare fr\u00e5gar en av m\u00e4nnen om han f\u00e5tt ta ut semester f\u00f6rst\u00e5r han inte fr\u00e5gan. Han har aldrig tidigare h\u00f6rt ordet semester och vet inte vad detta inneb\u00e4r.<\/p>\n<p>\u2013 Jag har aldrig f\u00e5tt n\u00e5gon ledighet eller n\u00e5gon semesterers\u00e4ttning.\u00a0<\/p>\n<p>Polisen monterade \u00f6vervakningskameror<\/p>\n<p>Flera anst\u00e4llda ber\u00e4ttar ocks\u00e5 att cheferna \u00f6vervakade dem n\u00e4r de var p\u00e5 jobbet. Det fanns \u00f6vervakningskameror b\u00e5de i k\u00f6ket och p\u00e5 andra platser i restaurangen.\u00a0<\/p>\n<p>\u2013\u00a0De kontrollerar hur vi jobbar i kassan, hur vi jobbar i k\u00f6ket, de kontrollerar hela tiden, ber\u00e4ttar en man i f\u00f6rh\u00f6r.<\/p>\n<p>M\u00e4nnen hotades ocks\u00e5 med att de skulle bli tvungna att \u00e5terv\u00e4nda till Bangladesh om de inte gjorde som \u00e4garen sa.\u00a0<\/p>\n<p>H\u00f6sten 2024 monterade polisen i hemlighet upp egna \u00f6vervakningskameror vid en av restaurangerna \u2013\u00a0och granskade verksamheten under 30 dagar.\u00a0<\/p>\n<p>Misst\u00e4nks f\u00f6r grov exploatering<\/p>\n<p>Det framkom d\u00e5 att en av de anst\u00e4llda arbetade upp till tolv timmar om dagen sex dagar i veckan. En annan anst\u00e4lld var p\u00e5 plats n\u00e4stan varje dag under hela perioden \u2013 och sov varje natt \u00f6ver p\u00e5 k\u00f6ksgolvet efter st\u00e4ngning.\u00a0<\/p>\n<p>Av st\u00e4mningsans\u00f6kan framg\u00e5r att tre personer, tv\u00e5 m\u00e4n och en kvinna, \u00e4r misst\u00e4nkta f\u00f6r grov m\u00e4nniskoexploatering under flera \u00e5r, 2018\u20132025. De har, enligt \u00e5klagaren, tillsammans och i samf\u00f6rst\u00e5nd genom vilseledande och genom utnyttjande av de anst\u00e4lldas beroendest\u00e4llning och sv\u00e5ra situation exploaterat dem i arbete \u201dunder uppenbarligt orimliga villkor\u201d.<\/p>\n<p>Tv\u00e5 personer misst\u00e4nks ocks\u00e5 f\u00f6r brott mot utl\u00e4nningslagen eftersom en av de anst\u00e4llda saknar arbetstillst\u00e5nd, och en person \u00e4r misst\u00e4nkt f\u00f6r grovt bokf\u00f6ringsbrott.\u00a0<\/p>\n<p>De misst\u00e4nkta f\u00f6rnekar samtliga brott.\u00a0<\/p>\n<p>R\u00e4tteg\u00e5ngen inleds i <a href=\"https:\/\/www.expressen.se\/tagg\/organization\/attunda-tingsratt\/\" class=\"\" rel=\"nofollow noopener\" target=\"_blank\">Attunda tingsr\u00e4tt<\/a> den 27 maj och avslutas den 12 juni.\u00a0<\/p>\n","protected":false},"excerpt":{"rendered":"Publicerad 17 maj 2026 kl 11.13 Flera fattiga m\u00e4n fr\u00e5n Bangladesh lockades till Sverige f\u00f6r att arbeta p\u00e5&hellip;\n","protected":false},"author":2,"featured_media":248257,"comment_status":"","ping_status":"","sticky":false,"template":"","format":"standard","meta":{"footnotes":"","_share_on_mastodon":"0"},"categories":[12],"tags":[22,23,26,27,17,21,24,25,28,29,15,16,2845,18,34,666,31,33,32,30,19,136,965,20],"class_list":["post-248256","post","type-post","status-publish","format-standard","has-post-thumbnail","category-sverige","tag-breaking-news","tag-breakingnews","tag-featured-news","tag-featurednews","tag-headlines","tag-huvudnyheter","tag-latest-news","tag-latestnews","tag-main-news","tag-mainnews","tag-news","tag-nyheter","tag-organization-attunda-tingsratt","tag-rubriker","tag-se","tag-sections-krim","tag-svenska","tag-sverige","tag-sweden","tag-swedish","tag-top-stories","tag-topic-rattegangar-domar","tag-topic-restaurang","tag-topstories"],"share_on_mastodon":{"url":"https:\/\/pubeurope.com\/@se\/116589299507154265","error":""},"_links":{"self":[{"href":"https:\/\/www.europesays.com\/se\/wp-json\/wp\/v2\/posts\/248256","targetHints":{"allow":["GET"]}}],"collection":[{"href":"https:\/\/www.europesays.com\/se\/wp-json\/wp\/v2\/posts"}],"about":[{"href":"https:\/\/www.europesays.com\/se\/wp-json\/wp\/v2\/types\/post"}],"author":[{"embeddable":true,"href":"https:\/\/www.europesays.com\/se\/wp-json\/wp\/v2\/users\/2"}],"replies":[{"embeddable":true,"href":"https:\/\/www.europesays.com\/se\/wp-json\/wp\/v2\/comments?post=248256"}],"version-history":[{"count":0,"href":"https:\/\/www.europesays.com\/se\/wp-json\/wp\/v2\/posts\/248256\/revisions"}],"wp:featuredmedia":[{"embeddable":true,"href":"https:\/\/www.europesays.com\/se\/wp-json\/wp\/v2\/media\/248257"}],"wp:attachment":[{"href":"https:\/\/www.europesays.com\/se\/wp-json\/wp\/v2\/media?parent=248256"}],"wp:term":[{"taxonomy":"category","embeddable":true,"href":"https:\/\/www.europesays.com\/se\/wp-json\/wp\/v2\/categories?post=248256"},{"taxonomy":"post_tag","embeddable":true,"href":"https:\/\/www.europesays.com\/se\/wp-json\/wp\/v2\/tags?post=248256"}],"curies":[{"name":"wp","href":"https:\/\/api.w.org\/{rel}","templated":true}]}}