{"id":24830,"date":"2025-09-08T16:43:12","date_gmt":"2025-09-08T16:43:12","guid":{"rendered":"https:\/\/www.europesays.com\/se\/24830\/"},"modified":"2025-09-08T16:43:12","modified_gmt":"2025-09-08T16:43:12","slug":"northvolt-koparen-lyten-skrev-citat-at-ebba-busch","status":"publish","type":"post","link":"https:\/\/www.europesays.com\/se\/24830\/","title":{"rendered":"Northvolt-k\u00f6paren Lyten skrev citat \u00e5t Ebba Busch"},"content":{"rendered":"<p>Publicerad 8 sep 2025 kl 12.37<\/p>\n<p>N\u00e4ringsminister Ebba Busch lovordade amerikanska Lytens k\u00f6p av Northvolt.<\/p>\n<p>Men citatet i pressmeddelandet var skrivet av f\u00f6retaget, rapporterar <a href=\"https:\/\/www.svt.se\/nyheter\/inrikes\/amerikanska-foretaget-lyten-skrev-ebba-busch-citat\" rel=\"nofollow noopener\" target=\"_blank\">SVT Nyheter<\/a>.<\/p>\n<p>\u2013 Uppseendev\u00e4ckande, s\u00e4ger statsvetare Jenny Madestam till kanalen.<\/p>\n<p>Lytens vd om k\u00f6pet av Northvolt: \u201dMest sp\u00e4nnande veckan i min karri\u00e4r\u201d<img loading=\"lazy\"   alt=\"\"\/><\/p>\n<p>Aff\u00e4ren d\u00e4r Lyten k\u00f6pte Northvolt blev klar i augusti.<\/p>\n<p>Foto: Jonas Westling\/TT \/ TT NYHETSBYR\u00c5N<\/p>\n<p>\u00d6ppna bild i helsk\u00e4rm<img loading=\"lazy\"   alt=\"\"\/><\/p>\n<p>\u201dOrd som g\u00e5r fr\u00e5n mig \u00e4r mina s\u00e5klart\u201d\u201a s\u00e4ger Ebba Busch.<\/p>\n<p>Foto: Anders Wiklund\/TT \/ TT NYHETSBYR\u00c5N<\/p>\n<p>\u00d6ppna bild i helsk\u00e4rm<\/p>\n<p>Det var i b\u00f6rjan av augusti som det blev k\u00e4nt att amerikanska Lyten skulle k\u00f6pa det konkursade batterif\u00f6retaget Northvolt.<\/p>\n<p>\u201dEn vinst f\u00f6r Sverige\u201d, sa KD-ledaren i citatet som Silicon Valley-bolaget skickade ut i sitt pressmeddelande.<\/p>\n<p>\u2013 Vi ser fram emot att jobba ihop med Lyten fram\u00f6ver f\u00f6r att utnyttja den enorma potentialen i tillg\u00e5ngarna, sa hon ocks\u00e5.<\/p>\n<p>SVT har tagit del av mejl mellan Lyten och Buschs stab, som visar att det \u00e4r f\u00f6retaget som skrivit hennes citat.<\/p>\n<p>Busch: \u00c4r mina ord<\/p>\n<p>Regeringskansliet fick citatet som f\u00f6rslag i ett mejl fr\u00e5n Lyten, och godk\u00e4nde det utan n\u00e5gon \u00e4ndring.<\/p>\n<p>Statsvetare Jenny Madestam \u00e4r kritisk.<\/p>\n<p>\u2013 Det \u00e4r v\u00e4ldigt viktigt att f\u00f6rst\u00e5 att man kan inte bara g\u00f6ra som ett f\u00f6retag s\u00e4ger och uttrycka sig som ett f\u00f6retag s\u00e4ger. Det m\u00e5ste finnas en tydlig r\u00e5g\u00e5ng mellan politik och f\u00f6retag, s\u00e4ger hon till SVT.<\/p>\n<p><a href=\"https:\/\/www.expressen.se\/tagg\/person\/ebba-busch\/\" class=\"\" rel=\"nofollow noopener\" target=\"_blank\">Ebba Busch<\/a> sj\u00e4lv ser inget konstigt i att f\u00f6retaget formulerat hennes ord.<\/p>\n<p>\u2013 Ord som g\u00e5r ifr\u00e5n mig \u00e4r mina s\u00e5klart, s\u00e4ger hon till SVT.<\/p>\n<p>F\u00f6r kanalen utvecklar hennes pressekreterare:<\/p>\n<p>\u201dCitatet \u00e4r Ebba Buschs egna ord. Ebba Busch hade samtal med Lyten inf\u00f6r aff\u00e4ren. Utifr\u00e5n samtalen skrev Lyten ett citat fr\u00e5n Ebba Busch som hon godk\u00e4nde.\u201d<\/p>\n","protected":false},"excerpt":{"rendered":"Publicerad 8 sep 2025 kl 12.37 N\u00e4ringsminister Ebba Busch lovordade amerikanska Lytens k\u00f6p av Northvolt. Men citatet i&hellip;\n","protected":false},"author":2,"featured_media":24831,"comment_status":"","ping_status":"","sticky":false,"template":"","format":"standard","meta":{"footnotes":""},"categories":[12],"tags":[22,23,26,27,17,21,24,25,28,29,15,16,2945,874,18,34,583,31,33,32,30,19,485,20],"class_list":{"0":"post-24830","1":"post","2":"type-post","3":"status-publish","4":"format-standard","5":"has-post-thumbnail","7":"category-sverige","8":"tag-breaking-news","9":"tag-breakingnews","10":"tag-featured-news","11":"tag-featurednews","12":"tag-headlines","13":"tag-huvudnyheter","14":"tag-latest-news","15":"tag-latestnews","16":"tag-main-news","17":"tag-mainnews","18":"tag-news","19":"tag-nyheter","20":"tag-organization-northvolt","21":"tag-person-ebba-busch","22":"tag-rubriker","23":"tag-se","24":"tag-sections-politik","25":"tag-svenska","26":"tag-sverige","27":"tag-sweden","28":"tag-swedish","29":"tag-top-stories","30":"tag-topic-politik","31":"tag-topstories"},"share_on_mastodon":{"url":"","error":""},"_links":{"self":[{"href":"https:\/\/www.europesays.com\/se\/wp-json\/wp\/v2\/posts\/24830","targetHints":{"allow":["GET"]}}],"collection":[{"href":"https:\/\/www.europesays.com\/se\/wp-json\/wp\/v2\/posts"}],"about":[{"href":"https:\/\/www.europesays.com\/se\/wp-json\/wp\/v2\/types\/post"}],"author":[{"embeddable":true,"href":"https:\/\/www.europesays.com\/se\/wp-json\/wp\/v2\/users\/2"}],"replies":[{"embeddable":true,"href":"https:\/\/www.europesays.com\/se\/wp-json\/wp\/v2\/comments?post=24830"}],"version-history":[{"count":0,"href":"https:\/\/www.europesays.com\/se\/wp-json\/wp\/v2\/posts\/24830\/revisions"}],"wp:featuredmedia":[{"embeddable":true,"href":"https:\/\/www.europesays.com\/se\/wp-json\/wp\/v2\/media\/24831"}],"wp:attachment":[{"href":"https:\/\/www.europesays.com\/se\/wp-json\/wp\/v2\/media?parent=24830"}],"wp:term":[{"taxonomy":"category","embeddable":true,"href":"https:\/\/www.europesays.com\/se\/wp-json\/wp\/v2\/categories?post=24830"},{"taxonomy":"post_tag","embeddable":true,"href":"https:\/\/www.europesays.com\/se\/wp-json\/wp\/v2\/tags?post=24830"}],"curies":[{"name":"wp","href":"https:\/\/api.w.org\/{rel}","templated":true}]}}