{"id":24842,"date":"2025-09-08T16:51:10","date_gmt":"2025-09-08T16:51:10","guid":{"rendered":"https:\/\/www.europesays.com\/se\/24842\/"},"modified":"2025-09-08T16:51:10","modified_gmt":"2025-09-08T16:51:10","slug":"anton-erikssons-hus-riskerar-att-rasa-i-vattenmassorna-utanfor-solleftea","status":"publish","type":"post","link":"https:\/\/www.europesays.com\/se\/24842\/","title":{"rendered":"Anton Erikssons hus riskerar att rasa i vattenmassorna utanf\u00f6r Sollefte\u00e5"},"content":{"rendered":"<p>Publicerad 8 sep 2025 kl 14.29Uppdaterad kl 15.45<\/p>\n<p>Anton Erikssons hus st\u00e5r p\u00e5 randen till vattenmassorna och riskerar att dras ner.<\/p>\n<p>Nu tvingas han och familjen evakuera bostaden i \u00c5ngermanland.<\/p>\n<p>\u2013 Jag har inte sovit i natt utan bara varit orolig f\u00f6r st\u00e4llet, s\u00e4ger han.<\/p>\n<p>H\u00e4r forsar vattnet under Antons byggnad.<img loading=\"lazy\"   alt=\"\"\/><\/p>\n<p>R\u00e4ddningstj\u00e4nsten arbetar vid huset, men Anton Eriksson tror inte att altanen kommer st\u00e5 kvar.<\/p>\n<p>Foto: Privat<\/p>\n<p>\u00d6ppna bild i helsk\u00e4rm<img loading=\"lazy\"   alt=\"\"\/><\/p>\n<p>R\u00e4ddningstj\u00e4nsten \u00e4r p\u00e5 plats hos Anton Eriksson f\u00f6r att kontrollera husen.<\/p>\n<p>Foto: Privat<\/p>\n<p>\u00d6ppna bild i helsk\u00e4rm<img loading=\"lazy\"   alt=\"\"\/><\/p>\n<p>Bron \u00f6ver b\u00e4cken \u00e4r intakt, men har rasat ner.<\/p>\n<p>Foto: Privat<\/p>\n<p>\u00d6ppna bild i helsk\u00e4rm<\/p>\n<p>Anton Eriksson bor med sin fru och tv\u00e5 barn vid Offersj\u00f6n i Sollefte\u00e5 kommun. Genom tomten g\u00e5r en mindre b\u00e4ck, men efter helgens regnkaos i <a href=\"https:\/\/www.expressen.se\/tagg\/location\/vasternorrland\/\" class=\"\" rel=\"nofollow noopener\" target=\"_blank\">V\u00e4sternorrland<\/a> riskerar den nu att ta med sig hela huset.<\/p>\n<p>\u2013 De sl\u00e4ppte p\u00e5 enorma m\u00e4ngder vatten i dammen ovanf\u00f6r under f\u00f6rra dygnet och det har gjort att v\u00e5r b\u00e4ckf\u00e5ra har expanderat tio meter, s\u00e4ger Anton Eriksson.<\/p>\n<p>\u201dDen kommer rasa\u201d<\/p>\n<p>Redan p\u00e5 s\u00f6ndagen skadades ett uthus och en bro \u00f6ver b\u00e4cken rasade ner n\u00e4r vattnet steg. P\u00e5 m\u00e5ndagen stod det ocks\u00e5 klart att \u00e4ven bostadshuset hotades och Anton Eriksson larmade r\u00e4ddningstj\u00e4nsten.<\/p>\n<p>\u2013 Den inglasade altanen kommer inte att h\u00e5lla, vi ser redan nu att den kommer rasa ner i b\u00e4cken. Vi hoppas att sj\u00e4lva huset ska klara sig, men det m\u00e5ste kontrolleras s\u00e5 att det inte ocks\u00e5 far, men det tror man inte nu, s\u00e4ger Anton Eriksson.<\/p>\n<p><img loading=\"lazy\"   alt=\"\"\/><\/p>\n<p>B\u00e4cken har blivit flera meter bredade.<\/p>\n<p>Foto: Privat<\/p>\n<p>\u00d6ppna bild i helsk\u00e4rm<img loading=\"lazy\"   alt=\"\"\/><\/p>\n<p>R\u00e4ddningstj\u00e4nsten f\u00f6rs\u00f6ker s\u00e4kra uthuset.<\/p>\n<p>Foto: Privat<\/p>\n<p>\u00d6ppna bild i helsk\u00e4rm<\/p>\n<p>N\u00e4r Expressen n\u00e5r honom arbetar r\u00e4ddningstj\u00e4nsten p\u00e5 plats f\u00f6r att s\u00e4kra upp byggnaderna och han har precis f\u00e5tt veta att att det inte \u00e4r s\u00e4kert att stanna i bostaden \u00f6ver natten.<\/p>\n<p>\u2013 Det har varit galet stressigt, jag har inte sovit i natt utan bara varit orolig f\u00f6r st\u00e4llet. De m\u00e5ste ha missbed\u00f6mt volymen i dammarna och d\u00e5 valde man att sl\u00e4ppa p\u00e5 fruktansv\u00e4rda m\u00e4ngder, s\u00e4ger Anton Eriksson.<\/p>\n<p>Han har \u00e4nnu inte hittat en l\u00f6sning p\u00e5 var familjen ska sova i natt, men s\u00e4ger att \u201ds\u00e5nt l\u00f6ser sig alltid\u201d.<\/p>\n<p>\u2013 Men vem ska betala det h\u00e4r? Det kommer vara i m\u00e5ngmiljonklassen f\u00f6r att \u00e5terst\u00e4lla den h\u00e4r fastigheten, s\u00e4ger han.<\/p>\n<p><strong>L\u00c4S MER: <\/strong><a href=\"https:\/\/www.expressen.se\/nyheter\/sverige\/manga-vagar-fortfarande-stangda-kan-ta-veckor\/\" class=\"\" rel=\"nofollow noopener\" target=\"_blank\">M\u00e5nga v\u00e4gar fortfarande st\u00e4ngda: \u201dKan ta veckor\u201d<\/a><strong>L\u00c4S MER: <\/strong><a href=\"https:\/\/www.expressen.se\/nyheter\/sverige\/expertens-dom--ett-delat-vagland\/\" class=\"\" rel=\"nofollow noopener\" target=\"_blank\">Expertens dom:  \u201dEtt delat v\u00e4gland\u201d<\/a><img alt=\"\"\/>Ljudklippet gick inte att spela upp<\/p>\n<p>F\u00f6rs\u00f6k igen senare<\/p>\n","protected":false},"excerpt":{"rendered":"Publicerad 8 sep 2025 kl 14.29Uppdaterad kl 15.45 Anton Erikssons hus st\u00e5r p\u00e5 randen till vattenmassorna och riskerar&hellip;\n","protected":false},"author":2,"featured_media":24843,"comment_status":"","ping_status":"","sticky":false,"template":"","format":"standard","meta":{"footnotes":""},"categories":[12],"tags":[22,23,26,27,17,21,24,25,2946,2948,2947,28,29,15,16,18,34,281,31,33,32,30,19,20],"class_list":{"0":"post-24842","1":"post","2":"type-post","3":"status-publish","4":"format-standard","5":"has-post-thumbnail","7":"category-sverige","8":"tag-breaking-news","9":"tag-breakingnews","10":"tag-featured-news","11":"tag-featurednews","12":"tag-headlines","13":"tag-huvudnyheter","14":"tag-latest-news","15":"tag-latestnews","16":"tag-location-angermanland","17":"tag-location-solleftea-kommun","18":"tag-location-vasternorrland","19":"tag-main-news","20":"tag-mainnews","21":"tag-news","22":"tag-nyheter","23":"tag-rubriker","24":"tag-se","25":"tag-sections-vader","26":"tag-svenska","27":"tag-sverige","28":"tag-sweden","29":"tag-swedish","30":"tag-top-stories","31":"tag-topstories"},"share_on_mastodon":{"url":"","error":""},"_links":{"self":[{"href":"https:\/\/www.europesays.com\/se\/wp-json\/wp\/v2\/posts\/24842","targetHints":{"allow":["GET"]}}],"collection":[{"href":"https:\/\/www.europesays.com\/se\/wp-json\/wp\/v2\/posts"}],"about":[{"href":"https:\/\/www.europesays.com\/se\/wp-json\/wp\/v2\/types\/post"}],"author":[{"embeddable":true,"href":"https:\/\/www.europesays.com\/se\/wp-json\/wp\/v2\/users\/2"}],"replies":[{"embeddable":true,"href":"https:\/\/www.europesays.com\/se\/wp-json\/wp\/v2\/comments?post=24842"}],"version-history":[{"count":0,"href":"https:\/\/www.europesays.com\/se\/wp-json\/wp\/v2\/posts\/24842\/revisions"}],"wp:featuredmedia":[{"embeddable":true,"href":"https:\/\/www.europesays.com\/se\/wp-json\/wp\/v2\/media\/24843"}],"wp:attachment":[{"href":"https:\/\/www.europesays.com\/se\/wp-json\/wp\/v2\/media?parent=24842"}],"wp:term":[{"taxonomy":"category","embeddable":true,"href":"https:\/\/www.europesays.com\/se\/wp-json\/wp\/v2\/categories?post=24842"},{"taxonomy":"post_tag","embeddable":true,"href":"https:\/\/www.europesays.com\/se\/wp-json\/wp\/v2\/tags?post=24842"}],"curies":[{"name":"wp","href":"https:\/\/api.w.org\/{rel}","templated":true}]}}