{"id":24886,"date":"2025-09-08T17:28:12","date_gmt":"2025-09-08T17:28:12","guid":{"rendered":"https:\/\/www.europesays.com\/se\/24886\/"},"modified":"2025-09-08T17:28:12","modified_gmt":"2025-09-08T17:28:12","slug":"shls-upptaktstraff-2025-har-ar-programmet","status":"publish","type":"post","link":"https:\/\/www.europesays.com\/se\/24886\/","title":{"rendered":"SHL:s upptaktstr\u00e4ff 2025: h\u00e4r \u00e4r programmet"},"content":{"rendered":"<p><strong>Under tisdagen \u00e4r det dags f\u00f6r <a href=\"https:\/\/hockeysverige.se\/shl\/\" rel=\"nofollow noopener\" target=\"_blank\">SHL<\/a>:s upptaktstr\u00e4ff 2025. Hockeysverige.se s\u00e4nder programmet fr\u00e5n scenen med start 11.00. H\u00e4r \u00e4r programpunkterna och de ungef\u00e4rliga tiderna under s\u00e4ndningen.<\/strong><\/p>\n<p><img loading=\"lazy\" decoding=\"async\" width=\"1024\" height=\"658\" src=\"https:\/\/www.europesays.com\/se\/wp-content\/uploads\/2025\/09\/Upptakt25_ex_1-1-1024x658.webp.webp\" alt=\"Uffe Bodin och M\u00e5ns Karlsson leder SHL:s upptaktstr\u00e4ff 2025\" class=\"wp-image-302330\"  \/>Uffe Bodin och M\u00e5ns Karlsson leder SHL:s upptaktstr\u00e4ff 2025. <strong>Foto: <\/strong>Bildbyr\u00e5n\/SHL<\/p>\n<p>P\u00e5 l\u00f6rdag sl\u00e4pps \u00e4ntligen pucken f\u00f6r SHL-s\u00e4songen 2025\/26.<\/p>\n<p>Men innan dess \u00e4r det dags f\u00f6r flera av spelarna och ledarna att tr\u00e4ffa media i Stockholm p\u00e5 den \u00e5rliga upptaktstr\u00e4ffen. Den genomf\u00f6rs under tisdagen, 9 september.<\/p>\n<p>Hockeysverige.se st\u00e5r som medarrang\u00f6r av eventet d\u00e4r <a href=\"https:\/\/hockeysverige.se\/skribent\/mans-karlsson\/\" rel=\"nofollow noopener\" target=\"_blank\">M\u00e5ns Karlsson<\/a> och <a href=\"https:\/\/hockeysverige.se\/skribent\/uffe-bodin\/\" rel=\"nofollow noopener\" target=\"_blank\">Uffe Bodin<\/a> leder s\u00e4ndningen och st\u00e5r f\u00f6r intervjuer p\u00e5 scenen. Vi erbjuder alla som vill att streama eventet p\u00e5 sajten \u2013 utan kostnad. Klockan 11.00 drar lives\u00e4ndningen i g\u00e5ng och p\u00e5g\u00e5r i cirka 80-90 minuter. Det g\u00e5r bra att se den i efterhand om man inte har m\u00f6jlighet att se den live.<\/p>\n<p>H\u00e4r \u00e4r programmet f\u00f6r SHL:s upptaktstr\u00e4ff 2025 <\/p>\n<p>OBS! Tiderna \u00e4r ungef\u00e4rliga.<\/p>\n<p>11.00 \u2013 Programmet startar.<\/p>\n<p>11.05 \u2013 Quiz \u2013 Lule\u00e5 vs. Bryn\u00e4s<br \/>P\u00e5 scenen: <a href=\"https:\/\/hockeysverige.se\/spelare\/erik-gustafsson\/\" rel=\"nofollow noopener\" target=\"_blank\">Erik Gustafsson<\/a> och Thomas Fr\u00f6berg, Lule\u00e5, samt Linus \u00d6lund och Johan Alc\u00e9n, Bryn\u00e4s.<\/p>\n<p>11.15 \u2013 Experternas profetior inf\u00f6r s\u00e4songen<br \/>P\u00e5 scenen: Staffan Kronwall, TV4, samt Christopher Heino Lindberg, Hockeymorgon.<\/p>\n<p>11.25 \u2013 Hemv\u00e4ndarna<br \/>P\u00e5 scenen: <a href=\"https:\/\/hockeysverige.se\/spelare\/nicklas-backstrom\/\" rel=\"nofollow noopener\" target=\"_blank\">Nicklas B\u00e4ckstr\u00f6m<\/a>, Bryn\u00e4s, och <a href=\"https:\/\/hockeysverige.se\/spelare\/magnus-hellberg\/\" rel=\"nofollow noopener\" target=\"_blank\">Magnus Hellberg<\/a>, Djurg\u00e5rden, samt <a href=\"https:\/\/hockeysverige.se\/spelare\/andreas-borgman\/\" rel=\"nofollow noopener\" target=\"_blank\">Andreas Borgman<\/a>, HV71, och <a href=\"https:\/\/hockeysverige.se\/spelare\/emil-djuse\/\" rel=\"nofollow noopener\" target=\"_blank\">Emil Djuse<\/a>, Skellefte\u00e5.<\/p>\n<p>11.40 \u2013 Tr\u00e4narkarusellen i SHL<br \/>P\u00e5 scenen: Tomas Kollar, Malm\u00f6, och Peter Jakobsson, Link\u00f6ping, samt Robert Ohlsson, Fr\u00f6lunda, och Dan Tangnes, R\u00f6gle.<\/p>\n<p>11.55 \u2013 Young Guns<br \/>P\u00e5 scenen: <a href=\"https:\/\/hockeysverige.se\/spelare\/marcus-gidlof\/\" rel=\"nofollow noopener\" target=\"_blank\">Marcus Gidl\u00f6f<\/a>, Leksand, <a href=\"https:\/\/hockeysverige.se\/spelare\/victor-eklund\/\" rel=\"nofollow noopener\" target=\"_blank\">Victor Eklund<\/a>, Djurg\u00e5rden, och <a href=\"https:\/\/hockeysverige.se\/spelare\/alfons-freij\/\" rel=\"nofollow noopener\" target=\"_blank\">Alfons Freij<\/a>, Timr\u00e5.<\/p>\n<p>12.05 \u2013 Diskussionstema: Hoten mot domare och spelare<br \/>P\u00e5 scenen: Marcus Linde, SHL, Johan Cederqvist, TV4, och <a href=\"https:\/\/hockeysverige.se\/spelare\/mathias-brome\/\" rel=\"nofollow noopener\" target=\"_blank\">Mathias Brom\u00e9<\/a>, Lule\u00e5.<\/p>\n<p>12.20 \u2013 Po\u00e4ngkungarna<br \/>P\u00e5 scenen: <a href=\"https:\/\/hockeysverige.se\/spelare\/viktor-lodin\/\" rel=\"nofollow noopener\" target=\"_blank\">Viktor Lodin<\/a>, F\u00e4rjestad, <a href=\"https:\/\/hockeysverige.se\/spelare\/patrik-karlkvist\/\" rel=\"nofollow noopener\" target=\"_blank\">Patrik Karlkvist<\/a>, \u00d6rebro, samt <a href=\"https:\/\/hockeysverige.se\/spelare\/lucas-elvenes\/\" rel=\"nofollow noopener\" target=\"_blank\">Lucas Elvenes<\/a>, V\u00e4xj\u00f6.<\/p>\n<p>Med reservation f\u00f6r \u00e4ndringar.<\/p>\n<p>Fr\u00e5gor och svar om SHL:s upptaktstr\u00e4ff<\/p>\n<p>N\u00e4r s\u00e4nds SHL:s upptaktstr\u00e4ff?\u00a0<\/p>\n<p>Den genomf\u00f6rs den nionde september klockan 11:00.<\/p>\n<p>Var s\u00e4nds SHL:s upptaktstr\u00e4ff?\u00a0<\/p>\n<p>Den s\u00e4nds p\u00e5 hockeysverige.se.<\/p>\n<p>Kostar det pengar att se upptaktstr\u00e4ffen?<\/p>\n<p>Nej, s\u00e4ndningen \u00e4r helt gratis och kan ses i den h\u00e4r artikeln.<\/p>\n<p>Kommer min klubb vara p\u00e5 plats?<\/p>\n<p>Ja \u2013 alla 14 SHL-klubbar finns representerade p\u00e5 upptaktstr\u00e4ffen och samtliga kommer ocks\u00e5 ha minst en representant p\u00e5 scenen under s\u00e4ndningen. Lista p\u00e5 samtliga personer som \u00e4r p\u00e5 plats sl\u00e4pps veckan innan upptaktstr\u00e4ffen.<\/p>\n","protected":false},"excerpt":{"rendered":"Under tisdagen \u00e4r det dags f\u00f6r SHL:s upptaktstr\u00e4ff 2025. Hockeysverige.se s\u00e4nder programmet fr\u00e5n scenen med start 11.00. H\u00e4r&hellip;\n","protected":false},"author":2,"featured_media":24887,"comment_status":"","ping_status":"","sticky":false,"template":"","format":"standard","meta":{"footnotes":""},"categories":[68],"tags":[34,133,111,110,31,33,32,30],"class_list":{"0":"post-24886","1":"post","2":"type-post","3":"status-publish","4":"format-standard","5":"has-post-thumbnail","7":"category-sport","8":"tag-se","9":"tag-second-news","10":"tag-sport","11":"tag-sports","12":"tag-svenska","13":"tag-sverige","14":"tag-sweden","15":"tag-swedish"},"share_on_mastodon":{"url":"","error":""},"_links":{"self":[{"href":"https:\/\/www.europesays.com\/se\/wp-json\/wp\/v2\/posts\/24886","targetHints":{"allow":["GET"]}}],"collection":[{"href":"https:\/\/www.europesays.com\/se\/wp-json\/wp\/v2\/posts"}],"about":[{"href":"https:\/\/www.europesays.com\/se\/wp-json\/wp\/v2\/types\/post"}],"author":[{"embeddable":true,"href":"https:\/\/www.europesays.com\/se\/wp-json\/wp\/v2\/users\/2"}],"replies":[{"embeddable":true,"href":"https:\/\/www.europesays.com\/se\/wp-json\/wp\/v2\/comments?post=24886"}],"version-history":[{"count":0,"href":"https:\/\/www.europesays.com\/se\/wp-json\/wp\/v2\/posts\/24886\/revisions"}],"wp:featuredmedia":[{"embeddable":true,"href":"https:\/\/www.europesays.com\/se\/wp-json\/wp\/v2\/media\/24887"}],"wp:attachment":[{"href":"https:\/\/www.europesays.com\/se\/wp-json\/wp\/v2\/media?parent=24886"}],"wp:term":[{"taxonomy":"category","embeddable":true,"href":"https:\/\/www.europesays.com\/se\/wp-json\/wp\/v2\/categories?post=24886"},{"taxonomy":"post_tag","embeddable":true,"href":"https:\/\/www.europesays.com\/se\/wp-json\/wp\/v2\/tags?post=24886"}],"curies":[{"name":"wp","href":"https:\/\/api.w.org\/{rel}","templated":true}]}}