{"id":24898,"date":"2025-09-08T17:36:09","date_gmt":"2025-09-08T17:36:09","guid":{"rendered":"https:\/\/www.europesays.com\/se\/24898\/"},"modified":"2025-09-08T17:36:09","modified_gmt":"2025-09-08T17:36:09","slug":"profilen-stannar-i-malmo-en-av-vara-viktigaste-prioriteringar","status":"publish","type":"post","link":"https:\/\/www.europesays.com\/se\/24898\/","title":{"rendered":"Profilen stannar i Malm\u00f6: &#8221;En av v\u00e5ra viktigaste prioriteringar&#8221;"},"content":{"rendered":"<p><strong>Redan innan <a href=\"https:\/\/hockeysverige.se\/shl\/\" rel=\"nofollow noopener\" target=\"_blank\">SHL<\/a>-s\u00e4songen st\u00e5r det klart. Bert Robertsson och <a href=\"https:\/\/hockeysverige.se\/klubb\/malmo-redhawks\/\" rel=\"nofollow noopener\" target=\"_blank\">Malm\u00f6<\/a> forts\u00e4tter sitt samarbete i tre \u00e5r till.<\/strong><br \/><strong>\u2013\u00a0Bert vill g\u00f6ra resan med Malm\u00f6 och vi \u00e4r v\u00e4ldigt glada \u00f6ver att han vill forts\u00e4tta utvecklas tillsammans med oss, s\u00e4ger sportchef Oscar Alsenfelt.<\/strong><\/p>\n<p><img loading=\"lazy\" decoding=\"async\" width=\"1024\" height=\"658\" src=\"https:\/\/www.europesays.com\/se\/wp-content\/uploads\/2025\/09\/Bert-Robertsson.webp.webp\" alt=\"\" class=\"wp-image-302397\" style=\"width:1114px;height:auto\"  \/>Malm\u00f6 Redhawks assisterande tr\u00e4nare Bert Robertsson under ishockeymatchen i SHL mellan Malm\u00f6 Redhawks och HV71 den 4 januari 2025 i Malm\u00f6. <br \/><strong>Foto: <\/strong>Mathilda Ahlberg \/ Bildbyr\u00e5n.<\/p>\n<p>Bert Robertsson kom till Malm\u00f6 inf\u00f6r den f\u00f6rra s\u00e4songen och har kontrakt \u00f6ver den kommande s\u00e4songen. Trots det v\u00e4ljer parterna att redan nu f\u00f6rl\u00e4nga samarbetet ytterligare. Profilen kommer nu att stanna hos sk\u00e5ningarna ett l\u00e4ngre tag.<\/p>\n<p>Det nya kontraktet \u00e4r skrivet \u00f6ver tre men med en klausul efter tv\u00e5 \u00e5r. <\/p>\n<p>\u2013\u00a0Jag trivs v\u00e4ldigt bra i Malm\u00f6 Redhawks. Det \u00e4r ett h\u00e4rligt driv i hela f\u00f6reningen, med en tydlig ambition att hela tiden utvecklas och bli b\u00e4ttre. Det skapar en milj\u00f6 d\u00e4r man kan prestera p\u00e5 topp, s\u00e4ger Robertsson i ett <a href=\"https:\/\/www.malmoredhawks.com\/article\/p9vat29-33nad\/view\" rel=\"nofollow noopener\" target=\"_blank\">pressmeddelande<\/a>.<\/p>\n<p>\u201dEn oerh\u00f6rt kompetent och erfaren tr\u00e4nare\u201d<\/p>\n<p>Innan Bert Robertsson kom till Malm\u00f6 var han under tre s\u00e4songer assisterande tr\u00e4nare f\u00f6r Rapperswil i Schweiz. Sedan tidigare har han \u00e4ven varit huvudtr\u00e4nare f\u00f6r Link\u00f6ping i SHL samt assisterande i Skellefte\u00e5. I V\u00e4sterbotten var han i \u00e5tta \u00e5r en viktig pj\u00e4s under Skellefte\u00e5s storhetstid, d\u00e4r han ocks\u00e5 vann tv\u00e5 SM-guld med klubben. <\/p>\n<p>Men nu v\u00e4ntar allts\u00e5 en forts\u00e4ttning i Malm\u00f6. En klubb som f\u00f6rra \u00e5ret skr\u00e4llde och pressade Bryn\u00e4s i SM-kvartsfinalen.<\/p>\n<p>\u2013\u00a0Att f\u00f6rl\u00e4nga med Bert var en av v\u00e5ra viktigaste prioriteringar tidigt, f\u00f6r att s\u00e4kerst\u00e4lla ett starkt tr\u00e4narteam \u00f6ver tid. I \u201dBerra\u201d f\u00e5r vi en oerh\u00f6rt kompetent och erfaren tr\u00e4nare som vi kan forts\u00e4tta bygga vidare med. Ut\u00f6ver Berts kvaliteter som tr\u00e4nare f\u00e5r vi ocks\u00e5 en fantastisk m\u00e4nniska som brinner f\u00f6r hela organisationen, s\u00e4ger Oscar Alsenfelt. <\/p>\n<p>Malm\u00f6s trupp s\u00e4songen 24\/25<\/p>\n<p> Source: <a href=\"https:\/\/www.eliteprospects.com\/team\/8\/malm%C3%B6-redhawks\" target=\"_blank\" rel=\"noopener noreferrer nofollow\">Malm\u00f6 Redhawks<\/a> @ Elite Prospects<\/p>\n","protected":false},"excerpt":{"rendered":"Redan innan SHL-s\u00e4songen st\u00e5r det klart. Bert Robertsson och Malm\u00f6 forts\u00e4tter sitt samarbete i tre \u00e5r till.\u2013\u00a0Bert vill&hellip;\n","protected":false},"author":2,"featured_media":24899,"comment_status":"","ping_status":"","sticky":false,"template":"","format":"standard","meta":{"footnotes":""},"categories":[68],"tags":[34,133,134,111,110,31,33,32,30],"class_list":{"0":"post-24898","1":"post","2":"type-post","3":"status-publish","4":"format-standard","5":"has-post-thumbnail","7":"category-sport","8":"tag-se","9":"tag-second-news","10":"tag-shl","11":"tag-sport","12":"tag-sports","13":"tag-svenska","14":"tag-sverige","15":"tag-sweden","16":"tag-swedish"},"share_on_mastodon":{"url":"","error":""},"_links":{"self":[{"href":"https:\/\/www.europesays.com\/se\/wp-json\/wp\/v2\/posts\/24898","targetHints":{"allow":["GET"]}}],"collection":[{"href":"https:\/\/www.europesays.com\/se\/wp-json\/wp\/v2\/posts"}],"about":[{"href":"https:\/\/www.europesays.com\/se\/wp-json\/wp\/v2\/types\/post"}],"author":[{"embeddable":true,"href":"https:\/\/www.europesays.com\/se\/wp-json\/wp\/v2\/users\/2"}],"replies":[{"embeddable":true,"href":"https:\/\/www.europesays.com\/se\/wp-json\/wp\/v2\/comments?post=24898"}],"version-history":[{"count":0,"href":"https:\/\/www.europesays.com\/se\/wp-json\/wp\/v2\/posts\/24898\/revisions"}],"wp:featuredmedia":[{"embeddable":true,"href":"https:\/\/www.europesays.com\/se\/wp-json\/wp\/v2\/media\/24899"}],"wp:attachment":[{"href":"https:\/\/www.europesays.com\/se\/wp-json\/wp\/v2\/media?parent=24898"}],"wp:term":[{"taxonomy":"category","embeddable":true,"href":"https:\/\/www.europesays.com\/se\/wp-json\/wp\/v2\/categories?post=24898"},{"taxonomy":"post_tag","embeddable":true,"href":"https:\/\/www.europesays.com\/se\/wp-json\/wp\/v2\/tags?post=24898"}],"curies":[{"name":"wp","href":"https:\/\/api.w.org\/{rel}","templated":true}]}}