{"id":249173,"date":"2026-05-18T12:45:30","date_gmt":"2026-05-18T12:45:30","guid":{"rendered":"https:\/\/www.europesays.com\/se\/249173\/"},"modified":"2026-05-18T12:45:30","modified_gmt":"2026-05-18T12:45:30","slug":"fodde-barn-pa-bank-mitt-under-haktningsforhandling","status":"publish","type":"post","link":"https:\/\/www.europesays.com\/se\/249173\/","title":{"rendered":"F\u00f6dde barn p\u00e5 b\u00e4nk \u2013 mitt under h\u00e4ktningsf\u00f6rhandling"},"content":{"rendered":"<p>Publicerad 18 maj 2026 kl 12.17<\/p>\n<p>En 33-\u00e5rig kvinna sj\u00f6nk pl\u00f6tsligt ihop n\u00e4r hon satt inf\u00f6r r\u00e4tten i Brooklyn i New York.<\/p>\n<p>Det visade sig att hennes vatten hade g\u00e5tt \u2013\u00a0och barnet var p\u00e5\u00a0v\u00e4g.<\/p>\n<p>\u2013\u00a0Vi t\u00e4nkte bara: okej, det h\u00e4r h\u00e4nder, nu, s\u00e4ger hennes advokat till <a href=\"https:\/\/www.nytimes.com\/2026\/05\/16\/nyregion\/birth-courtroom-baby-nyc.html\" rel=\"nofollow noopener\" target=\"_blank\">New York Times<\/a>.<\/p>\n<p><img   alt=\"\"\/><\/p>\n<p>Kings County Criminal Court i Brooklyn, New York.<\/p>\n<p>Foto: GOOGLE MAPS<\/p>\n<p>\u00d6ppna bild i helsk\u00e4rm<\/p>\n<p>Runt klockan 23.30 i fredags satt h\u00f6ggravida Samantha Randazzo och v\u00e4ntade p\u00e5 att hennes \u00e4rende skulle tas upp i en brottm\u00e5lsdomstol i Brooklyn.<\/p>\n<p>Men det blev inte en r\u00e4ttslig pr\u00f6vning som b\u00f6rjade \u2013 utan en f\u00f6rlossning.<\/p>\n<p>P\u00e5 en av b\u00e4nkarna satte v\u00e4rkarna i\u00a0g\u00e5ng och domstolspersonalen rusade fram f\u00f6r att hj\u00e4lpa kvinnan. N\u00e5gra andra t\u00f6mde r\u00e4ttsalen p\u00e5 \u00e5h\u00f6rare.\u00a0<\/p>\n<p>\u2013 Vi s\u00e5g det. Hon beh\u00f6vde inte s\u00e4ga n\u00e5got. Vi t\u00e4nkte bara: okej, det h\u00e4r h\u00e4nder, nu, s\u00e4ger hennes advokat Wynton Sharpe till New York Times.<\/p>\n<p>Barnet f\u00f6rl\u00f6stes av domaren Robert Winckler \u2013 som hade medverkat under f\u00f6dseln av sina egna barn. Enligt Wynton Sharpe var det tydligt att han visste vad han gjorde.<\/p>\n<p>\u2013\u00a0Det var en gl\u00e4djefylld och sorglig situation, med tanke p\u00e5 omst\u00e4ndigheterna, s\u00e4ger han.<\/p>\n<p>Efter drygt 20 minuter hade Samantha Randazzo en liten pojke i famnen. Hon och hennes nyf\u00f6dda son fick \u00e5ka till sjukhus med ambulans.<\/p>\n<p>H\u00e4ktningsf\u00f6rhandlingen fortsatte sedan utan henne, och enligt advokaten Wynton Sharpe l\u00e4r hennes fall avskrivas.<\/p>\n<p>N\u00e4mnde inte graviditet vid gripande<\/p>\n<p>N\u00e4r Samantha Randazzo greps p\u00e5 torsdagen hade hon s\u00e4ckiga kl\u00e4der och ber\u00e4ttade inte att hon var gravid, enligt polisen. Hon misst\u00e4nks f\u00f6r narkotikainnehav och olaga intr\u00e5ng, efter att ha kl\u00e4ttrat upp p\u00e5 taket av ett bostadshus i New York utan tillst\u00e5nd.<\/p>\n<p>Hon klagade p\u00e5 att hon m\u00e5dde illa efter att ha tagit droger och f\u00f6rdes till sjukhus, uppger polisen till tidningen. D\u00e4r uppdagades det att den 33-\u00e5riga kvinnan var gravid.<\/p>\n<p>Hon skrevs ut p\u00e5 fredagskv\u00e4llen och f\u00f6rdes direkt till domstolen. N\u00e5got som Tina Luongo, chefsjurist f\u00f6r organisationen Legal Aid Society, ifr\u00e5gas\u00e4tter.<\/p>\n<p>\u2013\u00a0Detta \u00e4r ett fruktansv\u00e4rt exempel p\u00e5 m\u00e5nga, m\u00e5nga systemmisslyckanden. Hon var en s\u00e5dan person som vi borde t\u00e4nka p\u00e5 insatser och behandling f\u00f6r \u2013 inte f\u00e4ngelse och gripande, s\u00e4ger hon till New York Times.<\/p>\n<p>Enligt Wynton Sharpe hade l\u00e4karna inte insett att hon var s\u00e5 n\u00e4ra att f\u00f6da barn n\u00e4r hon skrevs ut.<\/p>\n","protected":false},"excerpt":{"rendered":"Publicerad 18 maj 2026 kl 12.17 En 33-\u00e5rig kvinna sj\u00f6nk pl\u00f6tsligt ihop n\u00e4r hon satt inf\u00f6r r\u00e4tten i&hellip;\n","protected":false},"author":2,"featured_media":249174,"comment_status":"","ping_status":"","sticky":false,"template":"","format":"standard","meta":{"footnotes":"","_share_on_mastodon":"0"},"categories":[14],"tags":[22,23,26,27,17,21,24,25,28,29,15,16,18797,18,34,55,31,33,32,30,19,687,20,51,52,53,54],"class_list":["post-249173","post","type-post","status-publish","format-standard","has-post-thumbnail","category-varlden","tag-breaking-news","tag-breakingnews","tag-featured-news","tag-featurednews","tag-headlines","tag-huvudnyheter","tag-latest-news","tag-latestnews","tag-main-news","tag-mainnews","tag-news","tag-nyheter","tag-organization-lag-och-rattvisa","tag-rubriker","tag-se","tag-sections-varlden","tag-svenska","tag-sverige","tag-sweden","tag-swedish","tag-top-stories","tag-topic-graviditet","tag-topstories","tag-varlden","tag-world","tag-world-news","tag-worldnews"],"share_on_mastodon":{"url":"https:\/\/pubeurope.com\/@se\/116595649792981385","error":""},"_links":{"self":[{"href":"https:\/\/www.europesays.com\/se\/wp-json\/wp\/v2\/posts\/249173","targetHints":{"allow":["GET"]}}],"collection":[{"href":"https:\/\/www.europesays.com\/se\/wp-json\/wp\/v2\/posts"}],"about":[{"href":"https:\/\/www.europesays.com\/se\/wp-json\/wp\/v2\/types\/post"}],"author":[{"embeddable":true,"href":"https:\/\/www.europesays.com\/se\/wp-json\/wp\/v2\/users\/2"}],"replies":[{"embeddable":true,"href":"https:\/\/www.europesays.com\/se\/wp-json\/wp\/v2\/comments?post=249173"}],"version-history":[{"count":0,"href":"https:\/\/www.europesays.com\/se\/wp-json\/wp\/v2\/posts\/249173\/revisions"}],"wp:featuredmedia":[{"embeddable":true,"href":"https:\/\/www.europesays.com\/se\/wp-json\/wp\/v2\/media\/249174"}],"wp:attachment":[{"href":"https:\/\/www.europesays.com\/se\/wp-json\/wp\/v2\/media?parent=249173"}],"wp:term":[{"taxonomy":"category","embeddable":true,"href":"https:\/\/www.europesays.com\/se\/wp-json\/wp\/v2\/categories?post=249173"},{"taxonomy":"post_tag","embeddable":true,"href":"https:\/\/www.europesays.com\/se\/wp-json\/wp\/v2\/tags?post=249173"}],"curies":[{"name":"wp","href":"https:\/\/api.w.org\/{rel}","templated":true}]}}